{"id":8,"date":"2014-10-07T12:58:49","date_gmt":"2014-10-07T10:58:49","guid":{"rendered":"http:\/\/blogs.lasprovincias.es\/mamasenaccion\/?p=8"},"modified":"2014-10-07T12:58:49","modified_gmt":"2014-10-07T10:58:49","slug":"buenos-dias-mundo","status":"publish","type":"post","link":"https:\/\/blogs.lasprovincias.es\/mamasenaccion\/2014\/10\/07\/buenos-dias-mundo\/","title":{"rendered":"\u00a1Buenos d\u00edas mundo!"},"content":{"rendered":"<p><a href=\"\/mamasenaccion\/wp-content\/uploads\/sites\/34\/2014\/10\/lema1.png\"><br \/>\n<\/a>Y este \u201cbuenos d\u00edas\u201d no es un \u201cbuenos d\u00edas\u201d cualquiera, como el de cada d\u00eda, es un \u201cbuenos d\u00edas\u201d intenso, cargado de alegr\u00eda, porque alguien m\u00e1s se une a nuestra causa apoy\u00e1ndonos con su confianza. \u00a1Hoy es un buenos d\u00edas lleno de ilusi\u00f3n porque estrenamos espacio aqu\u00ed, en \u201cLas Provincias\u201d! (\u00bfes o no para emocionarse?).<\/p>\n<p><!--more--><\/p>\n<p>Desde que naci\u00f3 \u201cMam\u00e1s en Acci\u00f3n\u201d han sido muchas las personas y entidades que se han unido a nosotras para prestarnos apoyo. Personas (todas grandes) y empresas (grandes y peque\u00f1as, pero con grandes personas detr\u00e1s), han apostado por nuestro proyecto, nos han dado su confianza y su cari\u00f1o, y gracias a ellos, despu\u00e9s de a\u00f1o y medio, contin\u00faa nuestra labor. En esta ocasi\u00f3n, y no s\u00f3lo por esta oportunidad, sino por todo el apoyo recibido hasta ahora, no podemos empezar este proyecto sin darte las gracias a ti, Pedro, por aportar, por estar, por abrirnos puertas y por cumplir sue\u00f1os de los m\u00e1s peque\u00f1os.<\/p>\n<p>Y seguro que os estar\u00e9is preguntando: Pero, \u00bfQu\u00e9 es \u201cMam\u00e1s en Acci\u00f3n\u201d?<\/p>\n<p style=\"text-align: center;\"><a href=\"\/mamasenaccion\/wp-content\/uploads\/sites\/34\/2014\/10\/lema1.png\"><img loading=\"lazy\" class=\"aligncenter\" title=\"lema\" src=\"\/mamasenaccion\/wp-content\/uploads\/sites\/34\/2014\/10\/lema1.png\" alt=\"\" width=\"400\" height=\"247\" \/><\/a><\/p>\n<p style=\"text-align: center;\">\n<p>Nos importan los ni\u00f1os, porque ellos son el futuro de nuestra sociedad. Nos importa el voluntariado, porque creemos que todos nos necesitamos en alg\u00fan momento. Apoyamos a los ni\u00f1os y acompa\u00f1amos a madres en situaciones retadoras y todo eso, siempre, sin dejar de ser mam\u00e1s en casa, que es nuestra primera misi\u00f3n. En ocasiones no resulta f\u00e1cil, ya que conciliar maternidad, trabajo y voluntariado, es cuanto menos, agotador! Pero nos mueven nuestros principios y valores. Y si hemos empezado este post agradeciendo la ayuda externa que nos permite hacerlo realidad cada d\u00eda, no podemos dejar de agradecer la ayuda directa que cada mam\u00e1 tenemos en casa para poder realizarnos como profesionales o voluntarias: GRACIAS PAP\u00c1S. GRACIAS \u201cABUS\u201d, TIOS, AMIGOS y todos los que nos ayud\u00e1is a conseguir que nuestra humilde labor, llegue.<\/p>\n<p>\u00bfQuer\u00e9is saber qu\u00e9 hacemos concretamente? Vis\u00edtanos en nuestra web y redes sociales y desde hoy, todos los viernes. Podr\u00e1s encontrarnos por aqu\u00ed para poder compartir con nosotras, estar al d\u00eda de nuestras acciones, unirte o simplemente ayudarnos opinando y d\u00e1ndonos ideas.<\/p>\n<p>\u00a1Gracias por leernos y hasta el viernes, queridos lectores!<\/p>\n<p>Todas las Mam\u00e1s en Acci\u00f3n.<\/p>\n<p><em>http:\/\/mamasenaccion.es\/<\/em><br \/>\n<em>https:\/\/www.facebook.com\/mamaenaccion<\/em><br \/>\n<em>@mamisenaccion\u00a0<\/em><\/p>\n<div><em><br \/>\n<\/em><\/div>\n<!-- AddThis Advanced Settings generic via filter on the_content --><!-- AddThis Share Buttons generic via filter on the_content -->","protected":false},"excerpt":{"rendered":"<p>Y este \u201cbuenos d\u00edas\u201d no es un \u201cbuenos d\u00edas\u201d cualquiera, como el de cada d\u00eda, es un \u201cbuenos d\u00edas\u201d intenso, cargado de alegr\u00eda, porque alguien m\u00e1s se une a nuestra causa apoy\u00e1ndonos con su confianza. \u00a1Hoy es un buenos d\u00edas lleno de ilusi\u00f3n porque estrenamos espacio aqu\u00ed, en \u201cLas Provincias\u201d! (\u00bfes o no para emocionarse?).<!-- AddThis Advanced Settings generic via filter on get_the_excerpt --><!-- AddThis Share Buttons generic via filter on get_the_excerpt --><\/p>\n","protected":false},"author":39,"featured_media":0,"comment_status":"open","ping_status":"closed","sticky":false,"template":"","format":"standard","meta":[],"categories":[2],"tags":[],"_links":{"self":[{"href":"https:\/\/blogs.lasprovincias.es\/mamasenaccion\/wp-json\/wp\/v2\/posts\/8"}],"collection":[{"href":"https:\/\/blogs.lasprovincias.es\/mamasenaccion\/wp-json\/wp\/v2\/posts"}],"about":[{"href":"https:\/\/blogs.lasprovincias.es\/mamasenaccion\/wp-json\/wp\/v2\/types\/post"}],"author":[{"embeddable":true,"href":"https:\/\/blogs.lasprovincias.es\/mamasenaccion\/wp-json\/wp\/v2\/users\/39"}],"replies":[{"embeddable":true,"href":"https:\/\/blogs.lasprovincias.es\/mamasenaccion\/wp-json\/wp\/v2\/comments?post=8"}],"version-history":[{"count":0,"href":"https:\/\/blogs.lasprovincias.es\/mamasenaccion\/wp-json\/wp\/v2\/posts\/8\/revisions"}],"wp:attachment":[{"href":"https:\/\/blogs.lasprovincias.es\/mamasenaccion\/wp-json\/wp\/v2\/media?parent=8"}],"wp:term":[{"taxonomy":"category","embeddable":true,"href":"https:\/\/blogs.lasprovincias.es\/mamasenaccion\/wp-json\/wp\/v2\/categories?post=8"},{"taxonomy":"post_tag","embeddable":true,"href":"https:\/\/blogs.lasprovincias.es\/mamasenaccion\/wp-json\/wp\/v2\/tags?post=8"}],"curies":[{"name":"wp","href":"https:\/\/api.w.org\/{rel}","templated":true}]}}