{"id":84,"date":"2015-10-23T13:43:37","date_gmt":"2015-10-23T11:43:37","guid":{"rendered":"http:\/\/blogs.lasprovincias.es\/mamasenaccion\/?p=84"},"modified":"2015-10-23T13:43:37","modified_gmt":"2015-10-23T11:43:37","slug":"84","status":"publish","type":"post","link":"https:\/\/blogs.lasprovincias.es\/mamasenaccion\/2015\/10\/23\/84\/","title":{"rendered":"El segundo primer a\u00f1o"},"content":{"rendered":"<p><span style=\"font-size: small;\">1 a\u00f1o desde que romp\u00ed aguas al salir de la fiesta de Valencianos del S.XXI que organiza cada a\u00f1o Las Provincias. Antes de ayer volvimos al evento y la conversaci\u00f3n con todos era la misma: \u201c\u00bfTe acuerdas que el a\u00f1o pasado te pusiste de parto aqu\u00ed?\u201d \u00a1No me voy a acordar! Ja, ja, ja..<\/span><\/p>\n<p><span style=\"font-size: small;\">Pero mi balance tras el primer a\u00f1o del segundo hijo, me deja ver muchas diferencias con el balance del primer a\u00f1o de mi primer hijo:<\/span><strong>\u00a0<\/strong><\/p>\n<ul>\n<li><span style=\"font-size: small;\"><strong>Las tomas:<\/strong><\/span>\n<ul>\n<li><span style=\"text-decoration: underline;\">Con el primero:<\/span> \u201cCasi es la hora de la toma\u201d, \u201cfaltan 8 minutos\u201d, \u201cpasan 6 minutos y no se ha despertado\u201d, \u201cv\u00e1monos ya, que en 13 minutos le toca comer y as\u00ed ya nos pilla en casa\u201d..<\/li>\n<li><span style=\"text-decoration: underline;\">Con el segundo:<\/span> \u201cUy, \u00bfqu\u00e9 te pasa chiquit\u00edn? Si t\u00fa no lloras nunca, bonito.. \u00a1Ay, madre! Si le tocaba comer a las 16.00 y son las 16.45.. \u00a1Ya te da mami la merienda!<\/li>\n<\/ul>\n<\/li>\n<\/ul>\n<ul>\n<li><span style=\"font-size: small;\"><strong>El sue\u00f1o:<\/strong><\/span>\n<ul>\n<li><span style=\"text-decoration: underline;\">Con el primero:<\/span> Pase\u00edto en brazos, mene\u00edto en el carro o cuna, tumbarlo a tu lado y quedarte inm\u00f3vil, silencio sepulcral en casa, que la peque tiene sue\u00f1o.<\/li>\n<li><span style=\"text-decoration: underline;\">Con el segundo:<\/span> \u201cAy, mira.. el pobre se ha quedado dormido en el carrito, deb\u00eda estar agotado\u201d.<\/li>\n<\/ul>\n<\/li>\n<\/ul>\n<p><span style=\"font-size: small;\">S\u00ed, puede que estuviera agotado, pero tambi\u00e9n puede ser que el ni\u00f1o est\u00e1 libre de stress a su alrededor y decide dormirse cuando tiene de verdad sue\u00f1o y no cuando nosotros creemos que quiere dormir.<\/span><\/p>\n<ul>\n<li><span style=\"font-size: small;\"><strong>Visitas al m\u00e9dico:<\/strong><\/span>\n<ul>\n<li><span style=\"text-decoration: underline;\">Con el primero:<\/span> \u201c38 de temperatura con 7 meses, uf, no s\u00e9..\u00a0 Lo acerco al pediatra o mejor, v\u00e1monos a urgencias, que tiene muchos mocos y no podr\u00e1 respirar bien, a ver si se le van a bajar al pecho y se pone con bronquitis. Creo que con menos de un a\u00f1o los ingresan.. \u00a1Ay, v\u00e1monos, v\u00e1monos!\u201d<\/li>\n<li><span style=\"text-decoration: underline;\">Con el segundo:<\/span> \u201cA ver.. parece que est\u00e1 calentito. S\u00ed, 38 de fiebre. \u00bfCuanta dosis de Apiretal se da a los 7 meses? Lo pondr\u00e1 en el prospecto..\u201d<\/li>\n<\/ul>\n<\/li>\n<\/ul>\n<ul>\n<li><span style=\"font-size: small;\"><strong>Alimentaci\u00f3n:<\/strong><\/span>\n<ul>\n<li><span style=\"text-decoration: underline;\">Con el primero: N<\/span>o quedan yogures de beb\u00e9.. \u00bfpodr\u00e1 tomar de los normales? No estoy segura, y si le sientan mal.. \u00a1Melocot\u00f3n no puede tomar hasta el a\u00f1o, que puede que sea al\u00e9rgico!<strong><\/strong><\/li>\n<li><span style=\"text-decoration: underline;\">Con el segundo:\u00a0 <\/span>Pobrecito, mira como mira el flan.. \u00a1dale un poquito que lo pruebe! \u00a1Que ya tiene 6 meses, hombre!<\/li>\n<\/ul>\n<\/li>\n<\/ul>\n<ul>\n<li><span style=\"font-size: small;\"><strong>Fotograf\u00edas:<\/strong><\/span>\n<ul>\n<li><span style=\"text-decoration: underline;\">Con el primero:<\/span><strong> <\/strong>Fotograf\u00edas de cada primera vez son imprescindibles y por supuesto se considera primera vez: Foto del primer diente, primera vez que se pone de pie, primer ba\u00f1o sentado, primer juguete, primera vez con pijama de temporada, primer d\u00eda que dijo \u201cguuguu\u201d, primer d\u00eda que dijo \u201cPdrrrr\u201d, primeros pantalones vaqueros, primer chich\u00f3n.. Y por supeusto foto de c\u00f3mo se despierta, c\u00f3mo se duerme, c\u00f3mo va a en el carro, foto con todos los familiares por separado..<strong><\/strong><\/li>\n<li><span style=\"text-decoration: underline;\">Con el segundo:<\/span><strong>\u00a0 <\/strong>En el cole me piden una foto de Borja para un taller.. \u00bftenemos alguna reciente? C\u00f3mo puede ser que no tengamos foto.. \u00a1hay que hacerle m\u00e1s fotos al ni\u00f1o!<\/li>\n<\/ul>\n<\/li>\n<\/ul>\n<ul>\n<li><span style=\"font-size: small;\"><strong>Primer cumplea\u00f1os:<\/strong><\/span>\n<ul>\n<li><span style=\"text-decoration: underline;\">Con el primero:<\/span><strong> <\/strong>El primer cumplea\u00f1os del primer hijo podr\u00eda declararse fiesta nacional. Tem\u00e1tica decidida con antelaci\u00f3n con decoraci\u00f3n a juego y tarta monumental. Nervios, invitaciones.. ella todav\u00eda no ten\u00eda amigos, pero sus padres s\u00ed y todos vinieron a celebrarlo.<strong><\/strong><\/li>\n<li><span style=\"text-decoration: underline;\">Con el segundo:<\/span><strong>\u00a0 <\/strong>El s\u00e1bado es el cumple de Borja, \u00bfcelebramos algo? Ya s\u00e9 que no tiene amigos todav\u00eda, pero por hacerle una foto de recuerdo, \u00bfno? Seguro que a Adela le hace ilusi\u00f3n..<\/li>\n<\/ul>\n<\/li>\n<\/ul>\n<ul>\n<li><span style=\"font-size: small;\"><strong>Juguetes:<\/strong><\/span>\n<ul>\n<li><span style=\"text-decoration: underline;\">Con el primero:<\/span> El primer hijo tiene todos los juguetes del mundo: cuentos, puzles, mu\u00f1ecas, carrito, supermercado, juegos de te, pinturas, lienzos.. Y todo eso con menos de un a\u00f1o \u201cpara cuando le guste jugar con esto\u201d. Por supuesto no atienden a todo lo que tienen\u00a0 y Adela siempre jugaba con lo mismo: el teclado musical poni\u00e9ndonos a diario la cabeza como un bombo.<strong><\/strong><\/li>\n<li><span style=\"text-decoration: underline;\">Con el segundo:<\/span><strong>\u00a0 <\/strong>\u00a1Este ni\u00f1o no para de tocarlo todo! Pens\u00e1ndolo bien, es que no tiene otra cosa que tocar. Deber\u00eda tener juguetes de su edad. Vamos a comprarle un xil\u00f3fono o un pianito..<\/li>\n<\/ul>\n<\/li>\n<\/ul>\n<ul>\n<li><span style=\"font-size: small;\"><strong>Detalles: <\/strong><\/span>\n<ul>\n<li><span style=\"text-decoration: underline;\">Con el primero:<\/span> Marcaci\u00f3n de la ropa de guarder\u00eda: TODO. TO-DO lo de la ni\u00f1a estaba marcado con las etiquetas personalizadas que compramos para ello. No pod\u00eda perderse nada porque en todas partes pon\u00eda su nombre y un osito.<\/li>\n<li><span style=\"text-decoration: underline;\">Con el segundo: <\/span>Hola, ten\u00e9is la chaqueta de Borja aqu\u00ed, es que ayer la olvidamos. S\u00ed, ya s\u00e9 que deber\u00eda ir marcada, pero es que no he tenido tiempo, como acaba de empezar el curso (s\u00f3lo llevamos 2 meses).<\/li>\n<\/ul>\n<\/li>\n<\/ul>\n<p><span style=\"font-size: small;\">Y esta, entre otras, son las principales diferencias que haciendo balance del primer a\u00f1o del segundo hijo me vienen a la cabeza. Estoy segura de que a vosotras os vienen muchas m\u00e1s, as\u00ed que compartidlas por aqu\u00ed queridas madres.<\/span><\/p>\n<p><span style=\"font-size: small;\">Eso s\u00ed, si hay algo que se ha repetido exactamente igual en mi cabeza ha sido esta reflexi\u00f3n:<\/span><\/p>\n<p><span style=\"font-size: small;\">1 a\u00f1o.. \u00bf1 a\u00f1o? \u00bfC\u00f3mo que 1 a\u00f1o? Y d\u00f3nde he estado yo, si no me he despegado de \u00e9l y no me he dado cuenta.. \u00a11 a\u00f1o!<\/span><\/p>\n<p><span style=\"font-size: small;\"><strong>\u00a1\u00a1FELICIDADES, BORJI!! Eres el mejor regalo que podr\u00eda tener. \u00a1Te quiero, rat\u00f3n!<\/strong><\/span><\/p>\n<p><span style=\"font-size: small;\">\u00a1Buen fin de semana, madres del mundo!<\/span><\/p>\n<p><span style=\"font-size: small;\">Aqu\u00ed os dejo una foto de cuando nos dimos cuenta de que el ni\u00f1o necesitaba juguetes de su edad. Su principal diversi\u00f3n era trepar por los muebles. \ud83d\ude09<\/span><\/p>\n<p>&nbsp;<\/p>\n<p style=\"text-align: center;\"><a href=\"\/mamasenaccion\/wp-content\/uploads\/sites\/34\/2015\/10\/FullSizeRender.jpg\"><img loading=\"lazy\" class=\"size-medium wp-image-85 aligncenter\" title=\"Trepando\" src=\"\/mamasenaccion\/wp-content\/uploads\/sites\/34\/2015\/10\/FullSizeRender.jpg\" alt=\"\" width=\"240\" height=\"300\" srcset=\"https:\/\/static-blogs.lasprovincias.es\/wp-content\/uploads\/sites\/34\/2015\/10\/FullSizeRender.jpg 750w, https:\/\/static-blogs.lasprovincias.es\/wp-content\/uploads\/sites\/34\/2015\/10\/FullSizeRender-240x300.jpg 240w\" sizes=\"(max-width: 240px) 100vw, 240px\" \/><\/a><\/p>\n<p>&nbsp;<\/p>\n<p>&nbsp;<\/p>\n<!-- AddThis Advanced Settings generic via filter on the_content --><!-- AddThis Share Buttons generic via filter on the_content -->","protected":false},"excerpt":{"rendered":"<p>1 a\u00f1o desde que romp\u00ed aguas al salir de la fiesta de Valencianos del S.XXI que organiza cada a\u00f1o Las Provincias. Antes de ayer volvimos al evento y la conversaci\u00f3n con todos era la misma: \u201c\u00bfTe acuerdas que el a\u00f1o pasado te pusiste de parto aqu\u00ed?\u201d \u00a1No me voy a acordar! Ja, ja, ja.. Pero [&hellip;]<!-- AddThis Advanced Settings generic via filter on get_the_excerpt --><!-- AddThis Share Buttons generic via filter on get_the_excerpt --><\/p>\n","protected":false},"author":39,"featured_media":0,"comment_status":"open","ping_status":"closed","sticky":false,"template":"","format":"standard","meta":[],"categories":[2],"tags":[],"_links":{"self":[{"href":"https:\/\/blogs.lasprovincias.es\/mamasenaccion\/wp-json\/wp\/v2\/posts\/84"}],"collection":[{"href":"https:\/\/blogs.lasprovincias.es\/mamasenaccion\/wp-json\/wp\/v2\/posts"}],"about":[{"href":"https:\/\/blogs.lasprovincias.es\/mamasenaccion\/wp-json\/wp\/v2\/types\/post"}],"author":[{"embeddable":true,"href":"https:\/\/blogs.lasprovincias.es\/mamasenaccion\/wp-json\/wp\/v2\/users\/39"}],"replies":[{"embeddable":true,"href":"https:\/\/blogs.lasprovincias.es\/mamasenaccion\/wp-json\/wp\/v2\/comments?post=84"}],"version-history":[{"count":0,"href":"https:\/\/blogs.lasprovincias.es\/mamasenaccion\/wp-json\/wp\/v2\/posts\/84\/revisions"}],"wp:attachment":[{"href":"https:\/\/blogs.lasprovincias.es\/mamasenaccion\/wp-json\/wp\/v2\/media?parent=84"}],"wp:term":[{"taxonomy":"category","embeddable":true,"href":"https:\/\/blogs.lasprovincias.es\/mamasenaccion\/wp-json\/wp\/v2\/categories?post=84"},{"taxonomy":"post_tag","embeddable":true,"href":"https:\/\/blogs.lasprovincias.es\/mamasenaccion\/wp-json\/wp\/v2\/tags?post=84"}],"curies":[{"name":"wp","href":"https:\/\/api.w.org\/{rel}","templated":true}]}}