{"id":88,"date":"2015-10-30T11:10:53","date_gmt":"2015-10-30T10:10:53","guid":{"rendered":"http:\/\/blogs.lasprovincias.es\/mamasenaccion\/?p=88"},"modified":"2015-10-30T11:10:53","modified_gmt":"2015-10-30T10:10:53","slug":"mama-verdad-que-tu-te-quieres-morir","status":"publish","type":"post","link":"https:\/\/blogs.lasprovincias.es\/mamasenaccion\/2015\/10\/30\/mama-verdad-que-tu-te-quieres-morir\/","title":{"rendered":"&#8220;Mam\u00e1, \u00bfverdad que t\u00fa te quieres morir?&#8221;"},"content":{"rendered":"<p>As\u00ed, sin m\u00e1s, al salir del cole. Le cojo la manita y antes de que me diera tiempo a preguntarle qu\u00e9 tal el d\u00eda me sali\u00f3 con esa frase:<\/p>\n<p>&#8211; \u00a0\u00a0\u00a0\u00a0\u00a0Mam\u00e1, \u00bfverdad que t\u00fa te quieres morir?<\/p>\n<p>&#8211;\u00a0\u00a0\u00a0\u00a0\u00a0\u00a0 \u00a1\u00bfYo?! No, Adela, \u00a1mam\u00e1 no se quiere morir! \u00bfPor qu\u00e9 dices eso?<\/p>\n<p>&#8211;\u00a0\u00a0\u00a0\u00a0\u00a0\u00a0 S\u00ed, mami.. \u00bfno te acuerdas? \u00a1Pero si lo dices muchos d\u00edas!<\/p>\n<p>Un escalofr\u00edo me recorri\u00f3 el cuerpo, me qued\u00e9 helada e inm\u00f3vil delante de ella y no sab\u00eda qu\u00e9 decirle. C\u00f3mo explicarle a una ni\u00f1a de 4 a\u00f1os que los mayores nos quejamos demasiado, de cosas por las que no deber\u00edamos y casi siempre sin raz\u00f3n.<\/p>\n<p>&#8211;\u00a0\u00a0\u00a0\u00a0\u00a0\u00a0 Ver\u00e1s Adela, \u00bfrecuerdas cuando haces tonter\u00edas y mam\u00e1 te dice de broma \u201cPero bueno, \u00a1si est\u00e1s loquita!\u201d y nos re\u00edmos?<\/p>\n<p>&#8211;\u00a0\u00a0\u00a0\u00a0\u00a0\u00a0 S\u00ed<\/p>\n<p>&#8211;\u00a0\u00a0\u00a0\u00a0\u00a0\u00a0 \u00bfA que t\u00fa no est\u00e1s loquita y s\u00f3lo lo decimos porque nos hace risa?<\/p>\n<p>&#8211;\u00a0\u00a0\u00a0\u00a0\u00a0\u00a0 S\u00ed<\/p>\n<p>&#8211;\u00a0\u00a0\u00a0\u00a0\u00a0\u00a0 Pues cuando mami, a veces, dice \u201cme quiero morir\u201d es igual, de broma. \u00a0\u00bfLo entiendes? Lo digo s\u00f3lo porque estoy muy cansada y tengo muchas cosas que hacer y lo digo de broma!<\/p>\n<p>Mientras segu\u00edamos en marcha hacia la salida del cole el sentimiento de culpa se apoderaba de mi. \u00bfC\u00f3mo hab\u00eda podido actuar as\u00ed y no darme cuenta del mensaje que estaba lanzando a mi hija? \u00a1Menuda lecci\u00f3n me acababa de llevar!<\/p>\n<p>No quiero dramatizar con este cap\u00edtulo, s\u00f3lo quiero sacar el aprendizaje que esto lleva y es que ser madre es agotador, qu\u00e9 duda cabe, pero adem\u00e1s de ser el mejor regalo de la vida, ser padres nos hace intentar ser mejores cada d\u00eda s\u00f3lo para que ellos tengan un buen referente y buen ejemplo de esto fue la situaci\u00f3n que viv\u00ed yo ayer. Se acab\u00f3 quejarse, se acab\u00f3 dramatizar. Al menos voy a intentarlo. Si me lo hubiera planteado como un reto personal, seguramente no lo lograr\u00eda, pero exigirme a mi misma cambiar de actitud, si es por el bien de mis hijos, es garant\u00eda de \u00e9xito.<\/p>\n<p>\u00bfOs apunt\u00e1is al reto, queridas madres?<\/p>\n<p>Buen fin de semana y que empec\u00e9is la siguiente con las cargas m\u00ednimas para no desear \u201cmorir\u201d. \ud83d\ude09<\/p>\n<p>&nbsp;<\/p>\n<p><a href=\"\/mamasenaccion\/wp-content\/uploads\/sites\/34\/2015\/10\/IMG_8940_1024.jpg\"><img loading=\"lazy\" class=\"size-medium wp-image-89 aligncenter\" title=\"IMG_8940_1024\" src=\"\/mamasenaccion\/wp-content\/uploads\/sites\/34\/2015\/10\/IMG_8940_1024.jpg\" alt=\"\" width=\"300\" height=\"225\" srcset=\"https:\/\/static-blogs.lasprovincias.es\/wp-content\/uploads\/sites\/34\/2015\/10\/IMG_8940_1024.jpg 800w, https:\/\/static-blogs.lasprovincias.es\/wp-content\/uploads\/sites\/34\/2015\/10\/IMG_8940_1024-300x225.jpg 300w, https:\/\/static-blogs.lasprovincias.es\/wp-content\/uploads\/sites\/34\/2015\/10\/IMG_8940_1024-768x576.jpg 768w\" sizes=\"(max-width: 300px) 100vw, 300px\" \/><\/a><\/p>\n<!-- AddThis Advanced Settings generic via filter on the_content --><!-- AddThis Share Buttons generic via filter on the_content -->","protected":false},"excerpt":{"rendered":"<p>As\u00ed, sin m\u00e1s, al salir del cole. Le cojo la manita y antes de que me diera tiempo a preguntarle qu\u00e9 tal el d\u00eda me sali\u00f3 con esa frase: &#8211; \u00a0\u00a0\u00a0\u00a0\u00a0Mam\u00e1, \u00bfverdad que t\u00fa te quieres morir? &#8211;\u00a0\u00a0\u00a0\u00a0\u00a0\u00a0 \u00a1\u00bfYo?! No, Adela, \u00a1mam\u00e1 no se quiere morir! \u00bfPor qu\u00e9 dices eso? &#8211;\u00a0\u00a0\u00a0\u00a0\u00a0\u00a0 S\u00ed, mami.. \u00bfno te [&hellip;]<!-- AddThis Advanced Settings generic via filter on get_the_excerpt --><!-- AddThis Share Buttons generic via filter on get_the_excerpt --><\/p>\n","protected":false},"author":39,"featured_media":0,"comment_status":"open","ping_status":"closed","sticky":false,"template":"","format":"standard","meta":[],"categories":[2],"tags":[],"_links":{"self":[{"href":"https:\/\/blogs.lasprovincias.es\/mamasenaccion\/wp-json\/wp\/v2\/posts\/88"}],"collection":[{"href":"https:\/\/blogs.lasprovincias.es\/mamasenaccion\/wp-json\/wp\/v2\/posts"}],"about":[{"href":"https:\/\/blogs.lasprovincias.es\/mamasenaccion\/wp-json\/wp\/v2\/types\/post"}],"author":[{"embeddable":true,"href":"https:\/\/blogs.lasprovincias.es\/mamasenaccion\/wp-json\/wp\/v2\/users\/39"}],"replies":[{"embeddable":true,"href":"https:\/\/blogs.lasprovincias.es\/mamasenaccion\/wp-json\/wp\/v2\/comments?post=88"}],"version-history":[{"count":0,"href":"https:\/\/blogs.lasprovincias.es\/mamasenaccion\/wp-json\/wp\/v2\/posts\/88\/revisions"}],"wp:attachment":[{"href":"https:\/\/blogs.lasprovincias.es\/mamasenaccion\/wp-json\/wp\/v2\/media?parent=88"}],"wp:term":[{"taxonomy":"category","embeddable":true,"href":"https:\/\/blogs.lasprovincias.es\/mamasenaccion\/wp-json\/wp\/v2\/categories?post=88"},{"taxonomy":"post_tag","embeddable":true,"href":"https:\/\/blogs.lasprovincias.es\/mamasenaccion\/wp-json\/wp\/v2\/tags?post=88"}],"curies":[{"name":"wp","href":"https:\/\/api.w.org\/{rel}","templated":true}]}}