{"id":91,"date":"2015-11-06T07:21:27","date_gmt":"2015-11-06T06:21:27","guid":{"rendered":"http:\/\/blogs.lasprovincias.es\/mamasenaccion\/?p=91"},"modified":"2015-11-06T07:21:27","modified_gmt":"2015-11-06T06:21:27","slug":"el-minuto-de-gloria","status":"publish","type":"post","link":"https:\/\/blogs.lasprovincias.es\/mamasenaccion\/2015\/11\/06\/el-minuto-de-gloria\/","title":{"rendered":"El &#8220;Minuto de gloria&#8221;."},"content":{"rendered":"<p>A Noe le quedan muy poquitos d\u00edas para dar a luz. Est\u00e1, como estamos todas en las \u00faltimas semanas, que no se aguanta ni ella. No poder dormir, los altibajos en la tensi\u00f3n o perder los tobillos y tener los pies de Shrek, entre otras cosas, tampoco ayuda mucho a que lleve la recta final con buen humor. Para colmo, sus amigas, las que nos ocupamos de hacerle \u201ccoaching\u201d todos los d\u00edas para, se supone ayudarle a llevarlo mejor, aprovechamos cada comentario para contarle (de nuevo) c\u00f3mo fueron nuestros \u00faltimos d\u00edas con bombo y al final nos ponemos a hablar de nuestros partos y Noe acaba recibiendo el t\u00edpico \u201cNo te agobies, que es normal\u201d.<\/p>\n<p>Y es que esto me hace ver que a todas nos encanta revivir nuestro \u201cminuto de gloria\u201d en la vida, que en mi opini\u00f3n, indiscutiblemente, es ese: el primer minuto de nuestra maternidad.<\/p>\n<p>Si todo va bien en el parto y no ocurre nada que lo empa\u00f1e (incluso me atrever\u00eda a decir que a\u00fan as\u00ed), ese minuto, en el que le ves la carita y lo coges por primera vez, no puede compararse a nada m\u00e1s en la vida. Da igual que pase un a\u00f1o o 40, cuando evoques ese recuerdo, ese primer minuto vendr\u00e1 a tu mente con claridad y podr\u00e1s revivir ese sentimiento como si lo estuvieras viviendo de nuevo. Ese minuto es m\u00e1gico e insuperable y aunque despu\u00e9s de ese vendr\u00e1n muchos m\u00e1s, mejores y peores, ninguno superar\u00e1 nunca ese minuto de plenitud m\u00e1xima. Yo, desde ese d\u00eda, cuando tengo que pasar alg\u00fan trago dif\u00edcil y he de recurrir a un pensamiento feliz, siempre rescato ese recuerdo que me hace capaz de evadirme y transportarme de nuevo a mi \u201cminuto de gloria\u201d.<\/p>\n<p>Si est\u00e1s a punto de vivir ese momento, disponte para disfrutarlo al m\u00e1ximo (s\u00ed, he dicho disfrutarlo \ud83d\ude09 ), para vivirlo en plenitud. Aparta tus miedos (dar a luz es algo tan normal que hasta los animales lo hacen en soledad), ponte en buenas manos, conf\u00eda en el\/ella y prep\u00e1rate para vivir el momento de tu vida. Vas a conocer el verdadero amor, as\u00ed que disfruta tu \u201cminuto de gloria\u201d.<\/p>\n<p>\u00a1\u00c1nimo Noe! Todos estamos deseando conocer a Vera y en nada estamos de nuevo todas en la Alameda, de picoteo, con los carritos tomando el sol.<\/p>\n<p>Os dejo una foto de mi &#8220;Minuto de gloria&#8221;, que pese a acabar en ces\u00e1rea, gracias a Ant\u00f3n, a Carmen y a su equipo, fue el minuto m\u00e1s maravilloso de mi vida.<\/p>\n<p><a href=\"\/mamasenaccion\/wp-content\/uploads\/sites\/34\/2015\/11\/IMG_1002_1024.jpg\"><img loading=\"lazy\" class=\"aligncenter size-full wp-image-92\" style=\"vertical-align: middle;\" title=\"IMG_1002_1024\" src=\"\/mamasenaccion\/wp-content\/uploads\/sites\/34\/2015\/11\/IMG_1002_1024.jpg\" alt=\"\" width=\"1024\" height=\"764\" srcset=\"https:\/\/static-blogs.lasprovincias.es\/wp-content\/uploads\/sites\/34\/2015\/11\/IMG_1002_1024.jpg 1024w, https:\/\/static-blogs.lasprovincias.es\/wp-content\/uploads\/sites\/34\/2015\/11\/IMG_1002_1024-300x224.jpg 300w, https:\/\/static-blogs.lasprovincias.es\/wp-content\/uploads\/sites\/34\/2015\/11\/IMG_1002_1024-768x573.jpg 768w\" sizes=\"(max-width: 1024px) 100vw, 1024px\" \/><\/a><\/p>\n<p>&nbsp;<\/p>\n<p>Para todas las mamis que est\u00e1is en vuestra recta final y para mi amiga MJ, que est\u00e1 deseando repetir y s\u00e9 que lo va a conseguir muy pronto, os regalo esta canci\u00f3n que a mi me compartieron en mis \u00faltimos d\u00edas de bombo y que me hizo tan feliz:<\/p>\n<p><a href=\"https:\/\/goo.gl\/OVyGZ0\" rel=\"external nofollow\">https:\/\/goo.gl\/OVyGZ0<\/a><\/p>\n<div>\u00a0Y vosotras, \u00bfc\u00f3mo fue vuestro &#8220;minuto de gloria&#8221;? Yo os hablar\u00eda durante horas del m\u00edo, as\u00ed que \u00a1estoy deseando escucharos!<\/div>\n<div><\/div>\n<div>Buen fin de semana, madres del mundo.<\/div>\n<div><\/div>\n<div>Majo.<\/div>\n<!-- AddThis Advanced Settings generic via filter on the_content --><!-- AddThis Share Buttons generic via filter on the_content -->","protected":false},"excerpt":{"rendered":"<p>A Noe le quedan muy poquitos d\u00edas para dar a luz. Est\u00e1, como estamos todas en las \u00faltimas semanas, que no se aguanta ni ella. No poder dormir, los altibajos en la tensi\u00f3n o perder los tobillos y tener los pies de Shrek, entre otras cosas, tampoco ayuda mucho a que lleve la recta final [&hellip;]<!-- AddThis Advanced Settings generic via filter on get_the_excerpt --><!-- AddThis Share Buttons generic via filter on get_the_excerpt --><\/p>\n","protected":false},"author":39,"featured_media":0,"comment_status":"open","ping_status":"closed","sticky":false,"template":"","format":"standard","meta":[],"categories":[2],"tags":[],"_links":{"self":[{"href":"https:\/\/blogs.lasprovincias.es\/mamasenaccion\/wp-json\/wp\/v2\/posts\/91"}],"collection":[{"href":"https:\/\/blogs.lasprovincias.es\/mamasenaccion\/wp-json\/wp\/v2\/posts"}],"about":[{"href":"https:\/\/blogs.lasprovincias.es\/mamasenaccion\/wp-json\/wp\/v2\/types\/post"}],"author":[{"embeddable":true,"href":"https:\/\/blogs.lasprovincias.es\/mamasenaccion\/wp-json\/wp\/v2\/users\/39"}],"replies":[{"embeddable":true,"href":"https:\/\/blogs.lasprovincias.es\/mamasenaccion\/wp-json\/wp\/v2\/comments?post=91"}],"version-history":[{"count":0,"href":"https:\/\/blogs.lasprovincias.es\/mamasenaccion\/wp-json\/wp\/v2\/posts\/91\/revisions"}],"wp:attachment":[{"href":"https:\/\/blogs.lasprovincias.es\/mamasenaccion\/wp-json\/wp\/v2\/media?parent=91"}],"wp:term":[{"taxonomy":"category","embeddable":true,"href":"https:\/\/blogs.lasprovincias.es\/mamasenaccion\/wp-json\/wp\/v2\/categories?post=91"},{"taxonomy":"post_tag","embeddable":true,"href":"https:\/\/blogs.lasprovincias.es\/mamasenaccion\/wp-json\/wp\/v2\/tags?post=91"}],"curies":[{"name":"wp","href":"https:\/\/api.w.org\/{rel}","templated":true}]}}