{"id":96,"date":"2016-01-15T13:45:57","date_gmt":"2016-01-15T12:45:57","guid":{"rendered":"http:\/\/blogs.lasprovincias.es\/mamasenaccion\/?p=96"},"modified":"2016-01-15T13:45:57","modified_gmt":"2016-01-15T12:45:57","slug":"la-sabiduria-de-la-naturaleza-que-tambien-es-madre","status":"publish","type":"post","link":"https:\/\/blogs.lasprovincias.es\/mamasenaccion\/2016\/01\/15\/la-sabiduria-de-la-naturaleza-que-tambien-es-madre\/","title":{"rendered":"La sabidur\u00eda de la naturaleza (que tambi\u00e9n es madre)"},"content":{"rendered":"<p>Lo sabemos. No tenemos duda. Lo hemos o\u00eddo muchas veces y lo comprobamos cada d\u00eda: \u00a1La naturaleza es sabia! Y el cuerpo humano, tambi\u00e9n. \u00bfC\u00f3mo si no \u00edbamos a tener m\u00e1s de un hijo? El primero lo tienes con ilusi\u00f3n desmedida. El mayor y mejor acontecimiento de tu vida. Pero si a los meses no borr\u00e1ramos de nuestra mente (por completo) el cansancio (agotamiento, m\u00e1s bien), las secuelas en nuestro cuerpo, el cambio de vida radical y la dedicaci\u00f3n absoluta que necesitan \u00a1ni de lejos nos plantear\u00edamos tener un segundo! Pero como nos demuestra de nuevo la naturaleza, tiene la capacidad de hacernos eliminar eso de nuestras mentes y a los meses ya te empieza a rondar la cabeza el tener otro beb\u00e9 en casa.<\/p>\n<p>A m\u00ed me est\u00e1 pasando una cosa que no esperaba y es que yo pensaba que recordaba al detalle la infancia de A, que era capaz hasta de recordar detalles con memoria fotogr\u00e1fica, pero el peque\u00f1o B me est\u00e1 haciendo ver que hab\u00eda olvidado esos momentos m\u00e1gicos donde el coraz\u00f3n se te sale por la boca al verlo hacer algo nuevo, cuando te abraza a conciencia por primera vez, cuando te dice \u201cmam\u00e1\u201d demostrando que te necesita o cuando se alegra de verte y sale a tu encuentro con los bracitos abiertos. Sab\u00eda que eso me hac\u00eda feliz, pero hab\u00eda olvidado la intensidad de ese sentimiento. Estos \u00faltimos d\u00edas, que he notado un cambio grande en B, no puedo parar de pensar: \u201cQu\u00e9 suerte tengo de tener la oportunidad de vivir esto por segunda vez\u201d. Dicen que a los segundos les hacemos menos fotos y en realidad es lo que hemos hecho nosotros tambi\u00e9n, pero hasta hace unos d\u00edas. Llevo una semana grabando todo lo que hace el peque\u00f1o B y que me despierta ese sentimiento que llena el coraz\u00f3n. Es mi forma de intentar retener ese momento para siempre y la verdad es que cuando vuelvo a ver el v\u00eddeo evoco perfectamente esa sensaci\u00f3n. No por lo que \u00e9l hace, sino por c\u00f3mo me sent\u00ed yo cuando decid\u00ed inmortalizar ese momento. Me doy cuenta de que lo que pretend\u00eda, en realidad, era guardar esa sensaci\u00f3n tan plena para que no se me escapara nunca. Como meter en un frasco esa esencia que pudiera volver a oler cuando ya no tenga beb\u00e9s en casa.<\/p>\n<p>Disfrutad de cada minuto de vuestra maternidad. Buscad vuestro \u2018tarro\u2019 donde guardar estos sentimientos, pero no dejemos que se nos escapen NUNCA. \ud83d\ude09<\/p>\n<p>&nbsp;<\/p>\n<p>PD: Os dejo con uno de esos v\u00eddeos, que me vuelve loca.<br \/>\nPD: S\u00ed, sabemos que llamar al peque\u00f1o B por su diminutivo, m\u00e1s a\u00fan cuando se llama Borja, es m\u00e1s que cursi. Es lo que tiene llamarse igual que su padre.<\/p>\n<p>&nbsp;<\/p>\n<p><iframe loading=\"lazy\" src=\"https:\/\/www.youtube.com\/embed\/z71F5wh6LA8\" frameborder=\"0\" width=\"420\" height=\"315\"><\/iframe><br \/>\nBuen fin de semana, s\u00faper mam\u00e1s.<\/p>\n<p>Majo.<\/p>\n<p>Una mam\u00e1 en acci\u00f3n.<\/p>\n<!-- AddThis Advanced Settings generic via filter on the_content --><!-- AddThis Share Buttons generic via filter on the_content -->","protected":false},"excerpt":{"rendered":"<p>Lo sabemos. No tenemos duda. Lo hemos o\u00eddo muchas veces y lo comprobamos cada d\u00eda: \u00a1La naturaleza es sabia! Y el cuerpo humano, tambi\u00e9n. \u00bfC\u00f3mo si no \u00edbamos a tener m\u00e1s de un hijo? El primero lo tienes con ilusi\u00f3n desmedida. El mayor y mejor acontecimiento de tu vida. Pero si a los meses no [&hellip;]<!-- AddThis Advanced Settings generic via filter on get_the_excerpt --><!-- AddThis Share Buttons generic via filter on get_the_excerpt --><\/p>\n","protected":false},"author":39,"featured_media":0,"comment_status":"open","ping_status":"closed","sticky":false,"template":"","format":"standard","meta":[],"categories":[2],"tags":[],"_links":{"self":[{"href":"https:\/\/blogs.lasprovincias.es\/mamasenaccion\/wp-json\/wp\/v2\/posts\/96"}],"collection":[{"href":"https:\/\/blogs.lasprovincias.es\/mamasenaccion\/wp-json\/wp\/v2\/posts"}],"about":[{"href":"https:\/\/blogs.lasprovincias.es\/mamasenaccion\/wp-json\/wp\/v2\/types\/post"}],"author":[{"embeddable":true,"href":"https:\/\/blogs.lasprovincias.es\/mamasenaccion\/wp-json\/wp\/v2\/users\/39"}],"replies":[{"embeddable":true,"href":"https:\/\/blogs.lasprovincias.es\/mamasenaccion\/wp-json\/wp\/v2\/comments?post=96"}],"version-history":[{"count":0,"href":"https:\/\/blogs.lasprovincias.es\/mamasenaccion\/wp-json\/wp\/v2\/posts\/96\/revisions"}],"wp:attachment":[{"href":"https:\/\/blogs.lasprovincias.es\/mamasenaccion\/wp-json\/wp\/v2\/media?parent=96"}],"wp:term":[{"taxonomy":"category","embeddable":true,"href":"https:\/\/blogs.lasprovincias.es\/mamasenaccion\/wp-json\/wp\/v2\/categories?post=96"},{"taxonomy":"post_tag","embeddable":true,"href":"https:\/\/blogs.lasprovincias.es\/mamasenaccion\/wp-json\/wp\/v2\/tags?post=96"}],"curies":[{"name":"wp","href":"https:\/\/api.w.org\/{rel}","templated":true}]}}