{"id":102,"date":"2010-05-09T07:37:59","date_gmt":"2010-05-09T07:37:59","guid":{"rendered":"http:\/\/firmas.lasprovincias.es\/mariajosepou\/?p=102"},"modified":"2010-05-09T07:37:59","modified_gmt":"2010-05-09T07:37:59","slug":"el-nodulo-era-benigno","status":"publish","type":"post","link":"https:\/\/blogs.lasprovincias.es\/mariajosepou\/2010\/05\/09\/el-nodulo-era-benigno\/","title":{"rendered":"El n\u00f3dulo era benigno"},"content":{"rendered":"<p><a href=\"\/mariajosepou\/wp-content\/uploads\/sites\/4\/2010\/05\/Rey-Juan-Carlos-560.jpg\"><img loading=\"lazy\" class=\"alignleft size-thumbnail wp-image-107\" src=\"\/mariajosepou\/wp-content\/uploads\/sites\/4\/2010\/05\/Rey-Juan-Carlos-560.jpg\" alt=\"\" width=\"150\" height=\"150\" \/><\/a>No supimos de su existencia hasta que fue extirpado. Me refiero al n\u00f3dulo que albergaba uno de los pulmones del rey. Sin embargo, en ese titular, <a href=\"http:\/\/www.lasprovincias.es\/v\/20100509\/politica\/descartamos-cancer-20100509.html\" target=\"_blank\" rel=\"external nofollow\">\u201cEl n\u00f3dulo del rey era benigno\u201d<\/a>, hab\u00eda algo que no encajaba: \u00bfqu\u00e9 n\u00f3dulo?, era la pregunta esencial.<\/p>\n<p>Ayer no conoc\u00ed la noticia hasta las tres de la tarde, como muchos espa\u00f1oles. Y el primer dato que me lleg\u00f3 fue que \u201cel n\u00f3dulo del rey no ten\u00eda c\u00e9lulas malignas\u201d. As\u00ed pues pens\u00e9 que me hab\u00eda perdido un cap\u00edtulo de la serie. Pero no. Lo \u00fanico que me faltaba era el <a href=\"http:\/\/www.casareal.es\/noticias\/news\/20100508_intervencion-ides-idweb.html\" target=\"_blank\" rel=\"external nofollow\">comunicado<\/a> de la Casa Real que, \u00e9se s\u00ed, se hab\u00eda enviado a mitad ma\u00f1ana mientras el Rey era operado en Barcelona. En \u00e9l se indicaba que la operaci\u00f3n estaba en curso y que se dar\u00eda m\u00e1s informaci\u00f3n al terminar.<\/p>\n<p>La estrategia informativa no era secretista ni enga\u00f1osa. Entiendo que lo m\u00e1s razonable no era retransmitir en directo la operaci\u00f3n sino tener un poco de prudencia y sentido com\u00fan y dar a conocer la misma una vez terminada. A\u00fan as\u00ed se comunic\u00f3 mientras ten\u00eda lugar, pero el impacto en la opini\u00f3n p\u00fablica no vino de ella sino de su objetivo: extirpar un tumor del que no hab\u00edamos tenido noticia antes.<\/p>\n<p>Y aqu\u00ed es donde se crea la duda. Por un lado, es sensato no alertar a la ciudadan\u00eda dando a conocer que el rey pod\u00eda padecer un c\u00e1ncer. Pero, por otro, somos conscientes de que la reiterada f\u00f3rmula que se usa cada vez que el rey pasa un chequeo en la que todo el mundo que se congratula de la f\u00e9rrea salud real no se ajustaba del todo a la verdad en, al menos, una ocasi\u00f3n.<\/p>\n<p>Bien es cierto que el momento m\u00e1s adecuado para hacer saber lo que ten\u00eda el rey era tras un an\u00e1lisis que descartara la malignidad del n\u00f3dulo. Ahora bien, \u00bfy si hubiera sido maligno? Ya s\u00e9 que es proponer una hip\u00f3tesis que no se ha dado pero los 72 a\u00f1os del Rey nos obligan a pensar en ello. O en algo similar. Y, sobre todo, a hacerlo con una responsabilidad de la que carecen algunas fuerzas pol\u00edticas.<\/p>\n<!-- AddThis Advanced Settings generic via filter on the_content --><!-- AddThis Share Buttons generic via filter on the_content -->","protected":false},"excerpt":{"rendered":"<p>No supimos de su existencia hasta que fue extirpado. Me refiero al n\u00f3dulo que albergaba uno de los pulmones del rey. Sin embargo, en ese titular, \u201cEl n\u00f3dulo del rey era benigno\u201d, hab\u00eda algo que no encajaba: \u00bfqu\u00e9 n\u00f3dulo?, era la pregunta esencial. Ayer no conoc\u00ed la noticia hasta las tres de la tarde, como [&hellip;]<!-- AddThis Advanced Settings generic via filter on get_the_excerpt --><!-- AddThis Share Buttons generic via filter on get_the_excerpt --><\/p>\n","protected":false},"author":6,"featured_media":0,"comment_status":"open","ping_status":"closed","sticky":false,"template":"","format":"standard","meta":[],"categories":[4],"tags":[150,164],"_links":{"self":[{"href":"https:\/\/blogs.lasprovincias.es\/mariajosepou\/wp-json\/wp\/v2\/posts\/102"}],"collection":[{"href":"https:\/\/blogs.lasprovincias.es\/mariajosepou\/wp-json\/wp\/v2\/posts"}],"about":[{"href":"https:\/\/blogs.lasprovincias.es\/mariajosepou\/wp-json\/wp\/v2\/types\/post"}],"author":[{"embeddable":true,"href":"https:\/\/blogs.lasprovincias.es\/mariajosepou\/wp-json\/wp\/v2\/users\/6"}],"replies":[{"embeddable":true,"href":"https:\/\/blogs.lasprovincias.es\/mariajosepou\/wp-json\/wp\/v2\/comments?post=102"}],"version-history":[{"count":0,"href":"https:\/\/blogs.lasprovincias.es\/mariajosepou\/wp-json\/wp\/v2\/posts\/102\/revisions"}],"wp:attachment":[{"href":"https:\/\/blogs.lasprovincias.es\/mariajosepou\/wp-json\/wp\/v2\/media?parent=102"}],"wp:term":[{"taxonomy":"category","embeddable":true,"href":"https:\/\/blogs.lasprovincias.es\/mariajosepou\/wp-json\/wp\/v2\/categories?post=102"},{"taxonomy":"post_tag","embeddable":true,"href":"https:\/\/blogs.lasprovincias.es\/mariajosepou\/wp-json\/wp\/v2\/tags?post=102"}],"curies":[{"name":"wp","href":"https:\/\/api.w.org\/{rel}","templated":true}]}}