{"id":109,"date":"2010-05-10T08:04:33","date_gmt":"2010-05-10T08:04:33","guid":{"rendered":"http:\/\/firmas.lasprovincias.es\/mariajosepou\/?p=109"},"modified":"2010-05-10T08:04:33","modified_gmt":"2010-05-10T08:04:33","slug":"el-traslado-y-la-memoria","status":"publish","type":"post","link":"https:\/\/blogs.lasprovincias.es\/mariajosepou\/2010\/05\/10\/el-traslado-y-la-memoria\/","title":{"rendered":"El traslado y la memoria"},"content":{"rendered":"<p style=\"text-align: justify\"><a href=\"\/mariajosepou\/wp-content\/uploads\/sites\/4\/2010\/05\/20574771.jpg\"><img loading=\"lazy\" class=\"alignleft size-thumbnail wp-image-111\" src=\"\/mariajosepou\/wp-content\/uploads\/sites\/4\/2010\/05\/20574771.jpg\" alt=\"\" width=\"150\" height=\"150\" \/><\/a>Mientras ve\u00eda ayer el <a href=\"http:\/\/www.lasprovincias.es\/v\/20100510\/valencia\/traslado-virgen-mayor-riesgo-20100510.html\" target=\"_blank\" rel=\"external nofollow\">fervor de los valencianos<\/a> hacia la Mare de D\u00e8u, record\u00e9 las palabras del periodista Azzati en las que presum\u00eda de tener m\u00e1s votos que la Virgen y que fueron el detonante de lo que es ya una tradici\u00f3n de casi cien a\u00f1os: el traslado de la Virgen.<\/p>\n<p style=\"text-align: justify\">El a\u00f1o que viene, de hecho, se cumplir\u00e1 el centenario y no solo resulta dif\u00edcil suscribir hoy la estupidez de Azzati sino que la evoluci\u00f3n de la vida valenciana califica por s\u00ed mismo el comentario. La prueba es que, de \u00e9l, la mayor\u00eda de los valencianos solo recuerda el nombre de una c\u00e9ntrica calle de Valencia, en cambio, a la Maredeueta la acompa\u00f1an hasta los pol\u00edticos de izquierda.<\/p>\n<p style=\"text-align: justify\">Es m\u00e1s, en la actualidad no hay pol\u00edtico que consiga repetidamente una muestra de afecto incondicional como el que concita la Geperudeta. Que yo sepa en las filas que se forman cada mes de mayo en el Besamanos y que han ido duplic\u00e1ndose a\u00f1o tras a\u00f1o no dan bocadillos gratis; ni hay autobuses organizados por la Cofrad\u00eda ni \u00e9sta necesita hacer campa\u00f1a alguna para promover la devoci\u00f3n. Ya quisiera m\u00e1s de un candidato tener la mitad de tir\u00f3n que la Virgen.<\/p>\n<p style=\"text-align: justify\">Por eso me cuesta imaginar c\u00f3mo puede degradarse tanto la convivencia como para que un grupo de milicianos entrara en la Bas\u00edlica y pretendiera quemarla o tirotear la imagen como ocurri\u00f3 en el 36.<\/p>\n<p style=\"text-align: justify\">Ese proceso solo puede producirse por una constante exacerbaci\u00f3n de los sentimientos contra lo religioso que a unos les hizo salir a quemar iglesias y a otros, aceptarlo como normal. O simplemente callar por miedo, lo cual demuestra lo enfermiza que era la vida social entonces.<\/p>\n<p style=\"text-align: justify\">En ese sentido, me resisto a aceptar el discurso que algunos pretenden imponer sobre la id\u00edlica vida bajo la Rep\u00fablica. Quienes lo dicen no han vivido aquello ni se han preocupado por conocer la deriva violenta que tomaron los hechos.<\/p>\n<p style=\"text-align: justify\">Una violencia -la que se desencaden\u00f3 contra los cat\u00f3licos- que no fue condenada ni frenada e investigada por el gobierno. Sin embargo, para eso no hay memoria. Pero la memoria o es completa o es falsa.<\/p>\n<!-- AddThis Advanced Settings generic via filter on the_content --><!-- AddThis Share Buttons generic via filter on the_content -->","protected":false},"excerpt":{"rendered":"<p>Mientras ve\u00eda ayer el fervor de los valencianos hacia la Mare de D\u00e8u, record\u00e9 las palabras del periodista Azzati en las que presum\u00eda de tener m\u00e1s votos que la Virgen y que fueron el detonante de lo que es ya una tradici\u00f3n de casi cien a\u00f1os: el traslado de la Virgen. El a\u00f1o que viene, [&hellip;]<!-- AddThis Advanced Settings generic via filter on get_the_excerpt --><!-- AddThis Share Buttons generic via filter on get_the_excerpt --><\/p>\n","protected":false},"author":6,"featured_media":0,"comment_status":"open","ping_status":"closed","sticky":false,"template":"","format":"standard","meta":[],"categories":[4],"tags":[40,180],"_links":{"self":[{"href":"https:\/\/blogs.lasprovincias.es\/mariajosepou\/wp-json\/wp\/v2\/posts\/109"}],"collection":[{"href":"https:\/\/blogs.lasprovincias.es\/mariajosepou\/wp-json\/wp\/v2\/posts"}],"about":[{"href":"https:\/\/blogs.lasprovincias.es\/mariajosepou\/wp-json\/wp\/v2\/types\/post"}],"author":[{"embeddable":true,"href":"https:\/\/blogs.lasprovincias.es\/mariajosepou\/wp-json\/wp\/v2\/users\/6"}],"replies":[{"embeddable":true,"href":"https:\/\/blogs.lasprovincias.es\/mariajosepou\/wp-json\/wp\/v2\/comments?post=109"}],"version-history":[{"count":0,"href":"https:\/\/blogs.lasprovincias.es\/mariajosepou\/wp-json\/wp\/v2\/posts\/109\/revisions"}],"wp:attachment":[{"href":"https:\/\/blogs.lasprovincias.es\/mariajosepou\/wp-json\/wp\/v2\/media?parent=109"}],"wp:term":[{"taxonomy":"category","embeddable":true,"href":"https:\/\/blogs.lasprovincias.es\/mariajosepou\/wp-json\/wp\/v2\/categories?post=109"},{"taxonomy":"post_tag","embeddable":true,"href":"https:\/\/blogs.lasprovincias.es\/mariajosepou\/wp-json\/wp\/v2\/tags?post=109"}],"curies":[{"name":"wp","href":"https:\/\/api.w.org\/{rel}","templated":true}]}}