{"id":113,"date":"2010-05-11T05:50:47","date_gmt":"2010-05-11T05:50:47","guid":{"rendered":"http:\/\/firmas.lasprovincias.es\/mariajosepou\/?p=113"},"modified":"2010-05-11T05:50:47","modified_gmt":"2010-05-11T05:50:47","slug":"el-hibrido-enchufable","status":"publish","type":"post","link":"https:\/\/blogs.lasprovincias.es\/mariajosepou\/2010\/05\/11\/el-hibrido-enchufable\/","title":{"rendered":"El h\u00edbrido enchufable"},"content":{"rendered":"<p style=\"text-align: justify\"><a href=\"\/mariajosepou\/wp-content\/uploads\/sites\/4\/2010\/05\/EFE_3084826.jpg\"><img loading=\"lazy\" class=\"alignleft size-thumbnail wp-image-114\" src=\"\/mariajosepou\/wp-content\/uploads\/sites\/4\/2010\/05\/EFE_3084826.jpg\" alt=\"\" width=\"150\" height=\"150\" \/><\/a>Cuando ayer me enter\u00e9 de las <a href=\"http:\/\/www.lasprovincias.es\/v\/20100511\/economia\/almussafes-fabricara-para-america-20100511.html\" target=\"_blank\" rel=\"external nofollow\">novedades de Ford Almussafes<\/a>, adem\u00e1s de alegrarme por los valencianos y sobre todo por los trabajadores de Ford que respirar\u00e1n con esto, pens\u00e9 que aquello me sonaba de algo.<\/p>\n<p style=\"text-align: justify\">Luego me di cuenta de que esa sensaci\u00f3n proven\u00eda de uno de los modelos que se va a fabricar pues, a pesar de no haber tenido nunca un coche el\u00e9ctrico, hab\u00eda algo en \u00e9l que me lo hac\u00eda familiar. Me refiero al llamado \u201ch\u00edbrido enchufable\u201d. Al o\u00edrlo, pens\u00e9, dando un respingo: \u201c\u00a1Anda, si yo conozco a alguno de \u00e9sos!\u201d.<\/p>\n<p style=\"text-align: justify\">El \u201ch\u00edbrido enchufable\u201d (<em>hybridus morramen,<\/em> en lat\u00edn) es muy com\u00fan entre los espec\u00edmenes que pululan en las empresas. D\u00edcese del tipo capaz de adaptarse a cualquier circunstancia con tal de ser enchufado. O sea, el trepa de toda la vida. Ahora se llama \u201ch\u00edbrido enchufable\u201d. V\u00e1lgame Dios.<\/p>\n<p style=\"text-align: justify\">Estos sujetos deber\u00edan ser estudiados aunque pocos tengan est\u00f3mago para dedicarse a analizarlos con detenimiento y paciencia de entom\u00f3logo. Yo, a veces, lo hago por pura diversi\u00f3n. Me marco metas y digo: a ver hasta d\u00f3nde es capaz de llegar el tipo. Y siempre consigue sorprenderme.<\/p>\n<p style=\"text-align: justify\">Conozco uno que cambiaba de coche conforme cambiaba de jefe. Era un puro \u201ch\u00edbrido enchufable\u201d pues en una situaci\u00f3n de cambio constante pod\u00eda llegar a no amortizar ninguno de sus veh\u00edculos.<\/p>\n<p style=\"text-align: justify\">Siempre sospech\u00e9 que en el fondo ten\u00eda un acuerdo con una empresa de alquiler de coches. E incluso so\u00f1\u00e9 que llegaba un d\u00eda en limusina porque uno de nuestros jefes ten\u00eda a bien pasar por la vicar\u00eda. Fue un sue\u00f1o pintoresco porque, al final, el capo lleg\u00f3 a la iglesia en calesa. Entonces me despert\u00e9 sin llegar a saber nunca si se anim\u00f3 con el land\u00f3 o se qued\u00f3 en tartana.<\/p>\n<p style=\"text-align: justify\">El renting era mejor que la compra pues, de lo contrario, se arriesgaba a pillar cualquier cosa de jefe. Y lo pill\u00f3. Cualquier cosa y m\u00e1s all\u00e1, pero no lleg\u00f3 a tener, como yo hubiera deseado, un jefe ecol\u00f3gico y superconcienciado que fuera a trabajar en bicicleta, en monopat\u00edn o entren\u00e1ndose para el Camino de Santiago.<\/p>\n<p style=\"text-align: justify\">Yo le cog\u00ed cari\u00f1o por esa fidelidad extrema\u2026 a s\u00ed mismo.<\/p>\n<!-- AddThis Advanced Settings generic via filter on the_content --><!-- AddThis Share Buttons generic via filter on the_content -->","protected":false},"excerpt":{"rendered":"<p>Cuando ayer me enter\u00e9 de las novedades de Ford Almussafes, adem\u00e1s de alegrarme por los valencianos y sobre todo por los trabajadores de Ford que respirar\u00e1n con esto, pens\u00e9 que aquello me sonaba de algo. Luego me di cuenta de que esa sensaci\u00f3n proven\u00eda de uno de los modelos que se va a fabricar pues, [&hellip;]<!-- AddThis Advanced Settings generic via filter on get_the_excerpt --><!-- AddThis Share Buttons generic via filter on get_the_excerpt --><\/p>\n","protected":false},"author":6,"featured_media":0,"comment_status":"open","ping_status":"closed","sticky":false,"template":"","format":"standard","meta":[],"categories":[4],"tags":[171,174],"_links":{"self":[{"href":"https:\/\/blogs.lasprovincias.es\/mariajosepou\/wp-json\/wp\/v2\/posts\/113"}],"collection":[{"href":"https:\/\/blogs.lasprovincias.es\/mariajosepou\/wp-json\/wp\/v2\/posts"}],"about":[{"href":"https:\/\/blogs.lasprovincias.es\/mariajosepou\/wp-json\/wp\/v2\/types\/post"}],"author":[{"embeddable":true,"href":"https:\/\/blogs.lasprovincias.es\/mariajosepou\/wp-json\/wp\/v2\/users\/6"}],"replies":[{"embeddable":true,"href":"https:\/\/blogs.lasprovincias.es\/mariajosepou\/wp-json\/wp\/v2\/comments?post=113"}],"version-history":[{"count":0,"href":"https:\/\/blogs.lasprovincias.es\/mariajosepou\/wp-json\/wp\/v2\/posts\/113\/revisions"}],"wp:attachment":[{"href":"https:\/\/blogs.lasprovincias.es\/mariajosepou\/wp-json\/wp\/v2\/media?parent=113"}],"wp:term":[{"taxonomy":"category","embeddable":true,"href":"https:\/\/blogs.lasprovincias.es\/mariajosepou\/wp-json\/wp\/v2\/categories?post=113"},{"taxonomy":"post_tag","embeddable":true,"href":"https:\/\/blogs.lasprovincias.es\/mariajosepou\/wp-json\/wp\/v2\/tags?post=113"}],"curies":[{"name":"wp","href":"https:\/\/api.w.org\/{rel}","templated":true}]}}