{"id":116,"date":"2010-05-12T21:00:17","date_gmt":"2010-05-12T21:00:17","guid":{"rendered":"http:\/\/firmas.lasprovincias.es\/mariajosepou\/?p=116"},"modified":"2010-05-12T21:00:17","modified_gmt":"2010-05-12T21:00:17","slug":"tiempo-de-sacrificios","status":"publish","type":"post","link":"https:\/\/blogs.lasprovincias.es\/mariajosepou\/2010\/05\/12\/tiempo-de-sacrificios\/","title":{"rendered":"Tiempo de sacrificios"},"content":{"rendered":"<p style=\"text-align: justify\"><a href=\"\/mariajosepou\/wp-content\/uploads\/sites\/4\/2010\/05\/120214820037320080204-933139dn.jpg\"><img loading=\"lazy\" class=\"alignleft size-thumbnail wp-image-117\" src=\"\/mariajosepou\/wp-content\/uploads\/sites\/4\/2010\/05\/120214820037320080204-933139dn.jpg\" alt=\"\" width=\"150\" height=\"150\" \/><\/a>Sacrificio es la palabra de moda. Es el signo de los tiempos. Los Estados, los gobiernos y los ciudadanos estamos obligados a hacer sacrificios, aunque todas esas expresiones, en realidad, se resuman en una: los ciudadanos. Al final, si el Estado recorta el d\u00e9ficit o el gobierno se aprieta el cintur\u00f3n quienes lo asumen no son los pol\u00edticos, excepto en coste de imagen, sino los contribuyentes y quienes reciben servicios por lo que aquellos aportan a las arcas p\u00fablicas.<\/p>\n<p style=\"text-align: justify\">Sin embargo, hay algo especialmente desestabilizador en esa m\u00e1xima del sacrificio global que es la universalizaci\u00f3n. Todos, por igual, debemos someternos al duro ajuste en las cuentas. Y ese proceso que suele ser democratizador, sin embargo, se convierte en todo lo contrario. Es profundamente injusto.<\/p>\n<p style=\"text-align: justify\">Hablamos de sanidad o educaci\u00f3n universal cuando buscamos que todo ciudadano tenga acceso a un servicio m\u00ednimo de atenci\u00f3n sanitaria y a una educaci\u00f3n esencial. Sin duda es uno de los grandes avances del Estado moderno y de la Espa\u00f1a democr\u00e1tica. Es un orgullo que nuestro pa\u00eds presuma de haber conseguido llevar esos m\u00ednimos a toda persona que lo requiere. Por eso preocupa la tendencia a excluir de ellos a los inmigrantes, sobre todo, cuando su trabajo cotiza como el del resto.<\/p>\n<p style=\"text-align: justify\">Ahora bien, pedir a todo ciudadano que asuma su parte de responsabilidad en la crisis es dar por hecho que la culpa es colectiva y, aunque en efecto est\u00e1 repartida, no es universal. Es cierto que no ha sido solo el af\u00e1n enriquecedor de un especulador en Wall Street lo que nos ha llevado a esta situaci\u00f3n. Algunos, en su medida, han pretendido especular comprando dos pisos u obteniendo subvenciones de la UE. Pero no todos lo han hecho.<\/p>\n<p style=\"text-align: justify\">Hay quienes simplemente han querido tener su casa, casarse y vivir en ella. Eso no es especular. Especular es que el banco les diera un cr\u00e9dito cuando no ten\u00edan ni un trabajo fijo, pero el af\u00e1n de enriquecimiento no ha sido de ellos. A ellos se les puede atribuir inconsciencia e imprudencia pero no otra cosa. Es el banco quien pretendi\u00f3 ganar arriesg\u00e1ndose a perder. Y a que, ahora, perdamos todos.<\/p>\n<p style=\"text-align: justify\"><strong>Comentario:<\/strong><\/p>\n<p style=\"text-align: justify\">y esto fue escrito antes de saber las medidas de ajuste del Gobierno&#8230; ahora, 24 horas despu\u00e9s, a\u00fan es m\u00e1s rotundo&#8230;<\/p>\n<!-- AddThis Advanced Settings generic via filter on the_content --><!-- AddThis Share Buttons generic via filter on the_content -->","protected":false},"excerpt":{"rendered":"<p>Sacrificio es la palabra de moda. Es el signo de los tiempos. Los Estados, los gobiernos y los ciudadanos estamos obligados a hacer sacrificios, aunque todas esas expresiones, en realidad, se resuman en una: los ciudadanos. Al final, si el Estado recorta el d\u00e9ficit o el gobierno se aprieta el cintur\u00f3n quienes lo asumen no [&hellip;]<!-- AddThis Advanced Settings generic via filter on get_the_excerpt --><!-- AddThis Share Buttons generic via filter on get_the_excerpt --><\/p>\n","protected":false},"author":6,"featured_media":0,"comment_status":"open","ping_status":"closed","sticky":false,"template":"","format":"standard","meta":[],"categories":[4],"tags":[65,66,136,156,187],"_links":{"self":[{"href":"https:\/\/blogs.lasprovincias.es\/mariajosepou\/wp-json\/wp\/v2\/posts\/116"}],"collection":[{"href":"https:\/\/blogs.lasprovincias.es\/mariajosepou\/wp-json\/wp\/v2\/posts"}],"about":[{"href":"https:\/\/blogs.lasprovincias.es\/mariajosepou\/wp-json\/wp\/v2\/types\/post"}],"author":[{"embeddable":true,"href":"https:\/\/blogs.lasprovincias.es\/mariajosepou\/wp-json\/wp\/v2\/users\/6"}],"replies":[{"embeddable":true,"href":"https:\/\/blogs.lasprovincias.es\/mariajosepou\/wp-json\/wp\/v2\/comments?post=116"}],"version-history":[{"count":0,"href":"https:\/\/blogs.lasprovincias.es\/mariajosepou\/wp-json\/wp\/v2\/posts\/116\/revisions"}],"wp:attachment":[{"href":"https:\/\/blogs.lasprovincias.es\/mariajosepou\/wp-json\/wp\/v2\/media?parent=116"}],"wp:term":[{"taxonomy":"category","embeddable":true,"href":"https:\/\/blogs.lasprovincias.es\/mariajosepou\/wp-json\/wp\/v2\/categories?post=116"},{"taxonomy":"post_tag","embeddable":true,"href":"https:\/\/blogs.lasprovincias.es\/mariajosepou\/wp-json\/wp\/v2\/tags?post=116"}],"curies":[{"name":"wp","href":"https:\/\/api.w.org\/{rel}","templated":true}]}}