{"id":119,"date":"2010-05-13T19:01:36","date_gmt":"2010-05-13T19:01:36","guid":{"rendered":"http:\/\/firmas.lasprovincias.es\/mariajosepou\/el-segundo-mundo\/"},"modified":"2010-05-13T19:01:36","modified_gmt":"2010-05-13T19:01:36","slug":"el-segundo-mundo","status":"publish","type":"post","link":"https:\/\/blogs.lasprovincias.es\/mariajosepou\/2010\/05\/13\/el-segundo-mundo\/","title":{"rendered":"El Segundo Mundo"},"content":{"rendered":"<p style=\"text-align: justify\"><a href=\"\/mariajosepou\/wp-content\/uploads\/sites\/4\/2010\/05\/jose-luis-rodriguez1.jpg\"><img loading=\"lazy\" class=\"alignleft size-thumbnail wp-image-122\" src=\"\/mariajosepou\/wp-content\/uploads\/sites\/4\/2010\/05\/jose-luis-rodriguez1.jpg\" alt=\"\" width=\"150\" height=\"150\" \/><\/a>La conclusi\u00f3n de lo sucedido ayer en el Congreso de los Diputados es que el mundo que conoc\u00edamos est\u00e1 desapareciendo. Cuando cay\u00f3 el Muro de Berl\u00edn, mucha gente sinti\u00f3 que era el inicio de otra cosa radicalmente distinta a aquella en la que hab\u00eda vivido hasta entonces. Incluso se esperanz\u00f3.<br \/>\nRecuerdo que, en las primeras horas tras la apertura de la verja, los ciudadanos del Este se lanzaron como locos a comprar en los supermercados del Oeste porque en ellos pod\u00edan elegir entre varias marcas. Era una sensaci\u00f3n extra\u00f1a que tambi\u00e9n experimentan quienes vienen de pa\u00edses del Tercer Mundo. All\u00ed, con conseguir algo de comer, tienen suficiente. El lujo es, pues, poder elegir entre varios sabores y nombres distintos.<br \/>\nQui\u00e9n nos iba a decir a nosotros en aquel momento que Occidente andar\u00eda el camino opuesto, uniformizando con la marca blanca la posibilidad de elecci\u00f3n y transformando los supermercados en una suerte de economatos disfrazados. La marca blanca es al capitalismo lo que el &#8216;supermercado vertical&#8217; era al estalinismo.<br \/>\nAlgunos dijeron entonces que la ca\u00edda del comunismo era la demostraci\u00f3n de que \u00e9ste hab\u00eda sido vencido por el capitalismo y la izquierda alert\u00f3 sobre el peligro de que los excesos del sistema econ\u00f3mico del &#8220;Imperio&#8221; llevaran una mayor desigualdad al mundo.<br \/>\nEn efecto, la funesta profec\u00eda se cumpli\u00f3; el capitalismo se extralimit\u00f3 y hoy asistimos, estupefactos, a una profundizaci\u00f3n de la brecha entre ricos y pobres con la diferencia de que los potentados se han enriquecido; los pobres lo han intentado sin conseguirlo y, al final, quienes deben pagar son todos, sobre todo, quienes menos tienen.<br \/>\nLa prueba es el recorte en la partida de ayuda al desarrollo por cuya defensa nadie alzar\u00e1 la voz habiendo un motivo mucho m\u00e1s grave por el que protestar: el propio poder adquisitivo, en riesgo con las medidas aprobadas por el Gobierno.<br \/>\nEstas medidas -no por necesarias menos duras- est\u00e1n convirtiendo nuestro mundo en una versi\u00f3n limitada del Primer Mundo. No llegamos a ser Tercero pero vamos camino de dejar de ser Primero. Es el Segundo Mundo, donde el estado del bienestar ya no es universal sino particular, inseguro y vol\u00e1til.<\/p>\n<!-- AddThis Advanced Settings generic via filter on the_content --><!-- AddThis Share Buttons generic via filter on the_content -->","protected":false},"excerpt":{"rendered":"<p>La conclusi\u00f3n de lo sucedido ayer en el Congreso de los Diputados es que el mundo que conoc\u00edamos est\u00e1 desapareciendo. Cuando cay\u00f3 el Muro de Berl\u00edn, mucha gente sinti\u00f3 que era el inicio de otra cosa radicalmente distinta a aquella en la que hab\u00eda vivido hasta entonces. Incluso se esperanz\u00f3. Recuerdo que, en las primeras [&hellip;]<!-- AddThis Advanced Settings generic via filter on get_the_excerpt --><!-- AddThis Share Buttons generic via filter on get_the_excerpt --><\/p>\n","protected":false},"author":6,"featured_media":0,"comment_status":"open","ping_status":"closed","sticky":false,"template":"","format":"standard","meta":[],"categories":[4],"tags":[65,136],"_links":{"self":[{"href":"https:\/\/blogs.lasprovincias.es\/mariajosepou\/wp-json\/wp\/v2\/posts\/119"}],"collection":[{"href":"https:\/\/blogs.lasprovincias.es\/mariajosepou\/wp-json\/wp\/v2\/posts"}],"about":[{"href":"https:\/\/blogs.lasprovincias.es\/mariajosepou\/wp-json\/wp\/v2\/types\/post"}],"author":[{"embeddable":true,"href":"https:\/\/blogs.lasprovincias.es\/mariajosepou\/wp-json\/wp\/v2\/users\/6"}],"replies":[{"embeddable":true,"href":"https:\/\/blogs.lasprovincias.es\/mariajosepou\/wp-json\/wp\/v2\/comments?post=119"}],"version-history":[{"count":0,"href":"https:\/\/blogs.lasprovincias.es\/mariajosepou\/wp-json\/wp\/v2\/posts\/119\/revisions"}],"wp:attachment":[{"href":"https:\/\/blogs.lasprovincias.es\/mariajosepou\/wp-json\/wp\/v2\/media?parent=119"}],"wp:term":[{"taxonomy":"category","embeddable":true,"href":"https:\/\/blogs.lasprovincias.es\/mariajosepou\/wp-json\/wp\/v2\/categories?post=119"},{"taxonomy":"post_tag","embeddable":true,"href":"https:\/\/blogs.lasprovincias.es\/mariajosepou\/wp-json\/wp\/v2\/tags?post=119"}],"curies":[{"name":"wp","href":"https:\/\/api.w.org\/{rel}","templated":true}]}}