{"id":124,"date":"2010-05-14T07:35:36","date_gmt":"2010-05-14T07:35:36","guid":{"rendered":"http:\/\/firmas.lasprovincias.es\/mariajosepou\/?p=124"},"modified":"2010-05-14T07:35:36","modified_gmt":"2010-05-14T07:35:36","slug":"la-huelga-menos-razonable","status":"publish","type":"post","link":"https:\/\/blogs.lasprovincias.es\/mariajosepou\/2010\/05\/14\/la-huelga-menos-razonable\/","title":{"rendered":"La huelga menos razonable"},"content":{"rendered":"<p style=\"text-align: justify\"><a href=\"\/mariajosepou\/wp-content\/uploads\/sites\/4\/2010\/05\/import_6866884_11.jpg\"><img loading=\"lazy\" class=\"alignleft size-medium wp-image-125\" src=\"\/mariajosepou\/wp-content\/uploads\/sites\/4\/2010\/05\/import_6866884_11.jpg\" alt=\"\" width=\"300\" height=\"121\" srcset=\"https:\/\/static-blogs.lasprovincias.es\/wp-content\/uploads\/sites\/4\/2010\/05\/import_6866884_11.jpg 600w, https:\/\/static-blogs.lasprovincias.es\/wp-content\/uploads\/sites\/4\/2010\/05\/import_6866884_11-300x122.jpg 300w\" sizes=\"(max-width: 300px) 100vw, 300px\" \/><\/a>No deja de ser parad\u00f3jico que los sindicatos vayan a<a href=\"http:\/\/www.lasprovincias.es\/v\/20100514\/politica\/empleados-publicos-iran-huelga-20100514.html\" target=\"_blank\" rel=\"external nofollow\"> la huelga <\/a>por defender a quienes tienen trabajo fijo. Que me disculpen los funcionarios. S\u00e9 que es duro enfrentarse, de golpe, a un cambio en las condiciones de trabajo y en la remuneraci\u00f3n, pero ellos saben que no perder\u00e1n un sueldo mensual, aunque sea menor, y esa convicci\u00f3n cambia la vida radicalmente.<\/p>\n<p style=\"text-align: justify\">Durante los \u00faltimos dos a\u00f1os, miles de espa\u00f1oles han perdido su empleo sin que las empresas dieran opci\u00f3n a los trabajadores. Yo hubiera querido verla en la m\u00eda: rebajar el sueldo a todos un 5% o tirar a la gente a la calle. Lo tendr\u00eda clar\u00edsimo.<\/p>\n<p style=\"text-align: justify\">En esas circunstancias y ante miles de EREs, los sindicatos no han arengado a las masas para asaltar las Tuller\u00edas. Lo van a hacer ahora porque les rebajan el sueldo a quienes nunca dejar\u00e1n de percibirlo.<\/p>\n<p style=\"text-align: justify\">En estos meses, miles de negocios han tenido que cerrar y los aut\u00f3nomos se han visto con el agua al cuello sin poder afrontar las deudas y sin posibilidad, siquiera, de una prestaci\u00f3n por desempleo. Sin embargo, los sindicatos han apelado a la responsabilidad.<\/p>\n<p style=\"text-align: justify\">Ellos siempre hablan de la merma de derechos sociales pero la principal merma es vivir de un subsidio y no de un sueldo ganado dignamente. Es como reclamar la muerte digna mientras el problema de base es la incapacidad del sistema por garantizar una vida digna en cualesquiera condiciones, incluso, siendo tetrapl\u00e9jico.<\/p>\n<p style=\"text-align: justify\">Con los sindicatos es lo mismo. El subsidio por desempleo es una forma encubierta de caridad por parte de la Administraci\u00f3n. Con ella se intenta paliar la situaci\u00f3n de una persona, es decir, auxiliarle provisionalmente mientras encuentra trabajo. Si eso se prolonga, la persona queda a merced de las ayudas lo que le convierte en un \u201cdependiente\u201d del Estado y adem\u00e1s merma su autoestima, su proyecci\u00f3n de futuro y su esperanza. Eso por no hablar de algo que ya han advertido las autoridades internacionales: en ocasiones, puede frenar su iniciativa para buscar empleo.<\/p>\n<p style=\"text-align: justify\">El principal derecho social es el derecho al trabajo, algo negado a m\u00e1s de cuatro millones de conciudadanos. Yo, por esto, s\u00ed protesto.<\/p>\n<!-- AddThis Advanced Settings generic via filter on the_content --><!-- AddThis Share Buttons generic via filter on the_content -->","protected":false},"excerpt":{"rendered":"<p>No deja de ser parad\u00f3jico que los sindicatos vayan a la huelga por defender a quienes tienen trabajo fijo. Que me disculpen los funcionarios. S\u00e9 que es duro enfrentarse, de golpe, a un cambio en las condiciones de trabajo y en la remuneraci\u00f3n, pero ellos saben que no perder\u00e1n un sueldo mensual, aunque sea menor, [&hellip;]<!-- AddThis Advanced Settings generic via filter on get_the_excerpt --><!-- AddThis Share Buttons generic via filter on get_the_excerpt --><\/p>\n","protected":false},"author":6,"featured_media":0,"comment_status":"open","ping_status":"closed","sticky":false,"template":"","format":"standard","meta":[],"categories":[4],"tags":[65,159,171],"_links":{"self":[{"href":"https:\/\/blogs.lasprovincias.es\/mariajosepou\/wp-json\/wp\/v2\/posts\/124"}],"collection":[{"href":"https:\/\/blogs.lasprovincias.es\/mariajosepou\/wp-json\/wp\/v2\/posts"}],"about":[{"href":"https:\/\/blogs.lasprovincias.es\/mariajosepou\/wp-json\/wp\/v2\/types\/post"}],"author":[{"embeddable":true,"href":"https:\/\/blogs.lasprovincias.es\/mariajosepou\/wp-json\/wp\/v2\/users\/6"}],"replies":[{"embeddable":true,"href":"https:\/\/blogs.lasprovincias.es\/mariajosepou\/wp-json\/wp\/v2\/comments?post=124"}],"version-history":[{"count":0,"href":"https:\/\/blogs.lasprovincias.es\/mariajosepou\/wp-json\/wp\/v2\/posts\/124\/revisions"}],"wp:attachment":[{"href":"https:\/\/blogs.lasprovincias.es\/mariajosepou\/wp-json\/wp\/v2\/media?parent=124"}],"wp:term":[{"taxonomy":"category","embeddable":true,"href":"https:\/\/blogs.lasprovincias.es\/mariajosepou\/wp-json\/wp\/v2\/categories?post=124"},{"taxonomy":"post_tag","embeddable":true,"href":"https:\/\/blogs.lasprovincias.es\/mariajosepou\/wp-json\/wp\/v2\/tags?post=124"}],"curies":[{"name":"wp","href":"https:\/\/api.w.org\/{rel}","templated":true}]}}