{"id":127,"date":"2010-05-15T05:46:06","date_gmt":"2010-05-15T05:46:06","guid":{"rendered":"http:\/\/firmas.lasprovincias.es\/mariajosepou\/?p=127"},"modified":"2010-05-15T05:46:06","modified_gmt":"2010-05-15T05:46:06","slug":"garzon-el-apartado","status":"publish","type":"post","link":"https:\/\/blogs.lasprovincias.es\/mariajosepou\/2010\/05\/15\/garzon-el-apartado\/","title":{"rendered":"Garz\u00f3n, el apartado"},"content":{"rendered":"<p style=\"text-align: justify\"><a href=\"\/mariajosepou\/wp-content\/uploads\/sites\/4\/2010\/05\/127386012841820100514-3095819dn.jpg\"><img loading=\"lazy\" class=\"alignleft size-thumbnail wp-image-128\" src=\"\/mariajosepou\/wp-content\/uploads\/sites\/4\/2010\/05\/127386012841820100514-3095819dn.jpg\" alt=\"\" width=\"150\" height=\"150\" \/><\/a>Por un segundo, me pregunt\u00e9 ayer qu\u00e9 hubiera pasado si grupos contrarios al reconocimiento del matrimonio entre personas del mismo sexo hubieran aplaudido, coreado y acompa\u00f1ado al juez Calamita en el juicio que le conden\u00f3 por dilatar a sabiendas la adopci\u00f3n de una ni\u00f1a por parte de dos mujeres homosexuales.<\/p>\n<p style=\"text-align: justify\">Solo lo hice durante un segundo porque los casos no son comparables pero es necesario reflexionar sobre los modos de imponer un pensamiento \u201ccorrecto\u201d frente al incorrecto. Qui\u00e9n decide lo que pertenece a uno o a otro no est\u00e1 claro pero que existe es dif\u00edcilmente discutible.<\/p>\n<p style=\"text-align: justify\">Correcto es mirar hoy a Garz\u00f3n como v\u00edctima de un complot. No niego que exista una curiosa coincidencia de denuncias por casos diversos que tienen en com\u00fan la instrucci\u00f3n del juez. Hasta ah\u00ed acepto la hip\u00f3tesis de confabulaci\u00f3n pero m\u00e1s all\u00e1 de eso, me cuesta asumirlo desde la pura raz\u00f3n.<\/p>\n<p style=\"text-align: justify\">La l\u00f3gica me dice que quiz\u00e1s acusar al juez es un intento por desacreditarle y sacarle de la carrera judicial. Pero, si todo fuera eso, si no hubiera materia para aceptar como v\u00e1lidas las justificaciones de la denuncia, el Supremo la hubiera rechazado. Del mismo modo, si apartar provisionalmente al juez de su puesto en la Audiencia Nacional fuera una extralimitaci\u00f3n de las medidas cautelares, el Poder Judicial no le hubiera suspendido y menos, por unanimidad.<\/p>\n<p style=\"text-align: justify\">Eso nos hace pensar que las normas que nos rigen y que \u2013conviene recordarlo- nos hemos dado a nosotros mismos para regularnos tratando a todos por igual, llevan a la decisi\u00f3n que ayer tom\u00f3 el CGPJ. Significa, pues, que, de no haberlo hecho, su actuaci\u00f3n podr\u00eda haber sido incluso injusta toda vez que el criterio se ha aplicado a otros jueces en la misma situaci\u00f3n.<\/p>\n<p style=\"text-align: justify\">A todo ello hay que a\u00f1adir la superaci\u00f3n \u2013podr\u00edamos decir que, tambi\u00e9n, cautelar- de la diferencia entre magistrados \u201cconservadores\u201d y \u201cprogresistas\u201d. Es curioso c\u00f3mo en el caso Garz\u00f3n no se apela a esa circunstancia que s\u00ed es relevante para otros momentos. \u00bfPor qu\u00e9? Porque cuesta aceptar que lo sucedido no es fruto de una inquina ideol\u00f3gica. Por eso se desv\u00eda la atenci\u00f3n hacia Falange. Para seguir manteniendo el argumento.<\/p>\n<!-- AddThis Advanced Settings generic via filter on the_content --><!-- AddThis Share Buttons generic via filter on the_content -->","protected":false},"excerpt":{"rendered":"<p>Por un segundo, me pregunt\u00e9 ayer qu\u00e9 hubiera pasado si grupos contrarios al reconocimiento del matrimonio entre personas del mismo sexo hubieran aplaudido, coreado y acompa\u00f1ado al juez Calamita en el juicio que le conden\u00f3 por dilatar a sabiendas la adopci\u00f3n de una ni\u00f1a por parte de dos mujeres homosexuales. Solo lo hice durante un [&hellip;]<!-- AddThis Advanced Settings generic via filter on get_the_excerpt --><!-- AddThis Share Buttons generic via filter on get_the_excerpt --><\/p>\n","protected":false},"author":6,"featured_media":0,"comment_status":"open","ping_status":"closed","sticky":false,"template":"","format":"standard","meta":[],"categories":[4],"tags":[84],"_links":{"self":[{"href":"https:\/\/blogs.lasprovincias.es\/mariajosepou\/wp-json\/wp\/v2\/posts\/127"}],"collection":[{"href":"https:\/\/blogs.lasprovincias.es\/mariajosepou\/wp-json\/wp\/v2\/posts"}],"about":[{"href":"https:\/\/blogs.lasprovincias.es\/mariajosepou\/wp-json\/wp\/v2\/types\/post"}],"author":[{"embeddable":true,"href":"https:\/\/blogs.lasprovincias.es\/mariajosepou\/wp-json\/wp\/v2\/users\/6"}],"replies":[{"embeddable":true,"href":"https:\/\/blogs.lasprovincias.es\/mariajosepou\/wp-json\/wp\/v2\/comments?post=127"}],"version-history":[{"count":0,"href":"https:\/\/blogs.lasprovincias.es\/mariajosepou\/wp-json\/wp\/v2\/posts\/127\/revisions"}],"wp:attachment":[{"href":"https:\/\/blogs.lasprovincias.es\/mariajosepou\/wp-json\/wp\/v2\/media?parent=127"}],"wp:term":[{"taxonomy":"category","embeddable":true,"href":"https:\/\/blogs.lasprovincias.es\/mariajosepou\/wp-json\/wp\/v2\/categories?post=127"},{"taxonomy":"post_tag","embeddable":true,"href":"https:\/\/blogs.lasprovincias.es\/mariajosepou\/wp-json\/wp\/v2\/tags?post=127"}],"curies":[{"name":"wp","href":"https:\/\/api.w.org\/{rel}","templated":true}]}}