{"id":130,"date":"2010-05-16T06:18:37","date_gmt":"2010-05-16T06:18:37","guid":{"rendered":"http:\/\/firmas.lasprovincias.es\/mariajosepou\/?p=130"},"modified":"2010-05-16T06:18:37","modified_gmt":"2010-05-16T06:18:37","slug":"la-cuota-del-gimnasio","status":"publish","type":"post","link":"https:\/\/blogs.lasprovincias.es\/mariajosepou\/2010\/05\/16\/la-cuota-del-gimnasio\/","title":{"rendered":"La cuota del gimnasio"},"content":{"rendered":"<p style=\"text-align: justify\"><a href=\"\/mariajosepou\/wp-content\/uploads\/sites\/4\/2010\/12\/Valenbisi1.jpg\"><img loading=\"lazy\" class=\"alignleft size-thumbnail wp-image-131\" src=\"\/mariajosepou\/wp-content\/uploads\/sites\/4\/2010\/05\/3350-41.jpg\" alt=\"\" width=\"150\" height=\"150\" \/><\/a>\u00bfPagar\u00eda usted por estar suscrito a una revista alemana si no sabe una palabra de alem\u00e1n? Puede que le entusiasme tanto lo germ\u00e1nico que quiera colaborar con la cultura de ese pa\u00eds pero, a excepci\u00f3n de ese caso, la respuesta l\u00f3gica es &#8220;no&#8221;. Es decir, tendemos a eliminar los gastos innecesarios derivados de actividades que no atendemos.<\/p>\n<p style=\"text-align: justify\">Es cierto que luego hay excepciones, por ejemplo, hay quien cree que pagar la cuota del gimnasio adelgaza y, aunque no vaya por all\u00ed durante meses, se resiste a darse de baja por miedo a subir de talla. Es casi una superstici\u00f3n de indudable ineficacia pero comprensible impacto en quien tiene fe diet\u00e9tica, que no es mi caso. Yo soy una atea convencida en ese terreno.<\/p>\n<p style=\"text-align: justify\">Todo esto viene por <a href=\"http:\/\/www.lasprovincias.es\/v\/20100515\/politica\/consell-elimina-fundaciones-empresas-20100515.html\" target=\"_blank\" rel=\"external nofollow\">la decisi\u00f3n del Consell<\/a> de eliminar entidades p\u00fablicas, empresas y fundaciones, para reducir gastos. M\u00e1s de 100 millones de euros en tres a\u00f1os por suprimir apenas 15 entidades de un total de 80. Y yo me pregunto: \u00bfpor qu\u00e9 no eliminan las 80?<\/p>\n<p style=\"text-align: justify\">Hace un mes esas 15 eran necesarias. Tanto que los contribuyentes ten\u00edamos que detraer dinero de nuestras vacaciones, nuestro ropero o nuestro carro de la compra para alimentar a esos dinosaurios. Hoy, sin embargo, los mismos que las pusieron en marcha y que nos vampirizaban anualmente para sostenerlas, dicen que pueden ser suprimidas sin perder nada esencial. \u00bfQu\u00e9 ha cambiado? Solo una cosa: que ahora el objetivo del gobierno valenciano es la austeridad.<\/p>\n<p style=\"text-align: justify\">La pregunta es evidente: \u00bfPor qu\u00e9 no es la austeridad una m\u00e1xima permanente en cualquier gobierno o entidad que maneje dinero p\u00fablico?<\/p>\n<p style=\"text-align: justify\">Estamos viviendo una etapa de &#8220;sacrificios&#8221;. Por doquier escuchamos hablar de la necesidad de apretarse el cintur\u00f3n pero eso deber\u00eda ser lo habitual en la Administraci\u00f3n y, sin embargo, es justo al rev\u00e9s.<\/p>\n<p style=\"text-align: justify\">Culpamos a los grandes tiburones financieros de la crisis pero tambi\u00e9n el gasto p\u00fablico se debe a una clase pol\u00edtica acostumbrada a ver lo p\u00fablico como &#8220;lo de nadie&#8221; en lugar de lo que es: &#8220;lo de todos&#8221;.<\/p>\n<p style=\"text-align: justify\">Por eso, insisto: quiero que el Gobierno valenciano elimine todas las entidades p\u00fablicas. Y me pensar\u00e9 si pedir el harakiri.<\/p>\n<!-- AddThis Advanced Settings generic via filter on the_content --><!-- AddThis Share Buttons generic via filter on the_content -->","protected":false},"excerpt":{"rendered":"<p>\u00bfPagar\u00eda usted por estar suscrito a una revista alemana si no sabe una palabra de alem\u00e1n? Puede que le entusiasme tanto lo germ\u00e1nico que quiera colaborar con la cultura de ese pa\u00eds pero, a excepci\u00f3n de ese caso, la respuesta l\u00f3gica es &#8220;no&#8221;. Es decir, tendemos a eliminar los gastos innecesarios derivados de actividades que [&hellip;]<!-- AddThis Advanced Settings generic via filter on get_the_excerpt --><!-- AddThis Share Buttons generic via filter on get_the_excerpt --><\/p>\n","protected":false},"author":6,"featured_media":0,"comment_status":"open","ping_status":"closed","sticky":false,"template":"","format":"standard","meta":[],"categories":[4],"tags":[65,136],"_links":{"self":[{"href":"https:\/\/blogs.lasprovincias.es\/mariajosepou\/wp-json\/wp\/v2\/posts\/130"}],"collection":[{"href":"https:\/\/blogs.lasprovincias.es\/mariajosepou\/wp-json\/wp\/v2\/posts"}],"about":[{"href":"https:\/\/blogs.lasprovincias.es\/mariajosepou\/wp-json\/wp\/v2\/types\/post"}],"author":[{"embeddable":true,"href":"https:\/\/blogs.lasprovincias.es\/mariajosepou\/wp-json\/wp\/v2\/users\/6"}],"replies":[{"embeddable":true,"href":"https:\/\/blogs.lasprovincias.es\/mariajosepou\/wp-json\/wp\/v2\/comments?post=130"}],"version-history":[{"count":0,"href":"https:\/\/blogs.lasprovincias.es\/mariajosepou\/wp-json\/wp\/v2\/posts\/130\/revisions"}],"wp:attachment":[{"href":"https:\/\/blogs.lasprovincias.es\/mariajosepou\/wp-json\/wp\/v2\/media?parent=130"}],"wp:term":[{"taxonomy":"category","embeddable":true,"href":"https:\/\/blogs.lasprovincias.es\/mariajosepou\/wp-json\/wp\/v2\/categories?post=130"},{"taxonomy":"post_tag","embeddable":true,"href":"https:\/\/blogs.lasprovincias.es\/mariajosepou\/wp-json\/wp\/v2\/tags?post=130"}],"curies":[{"name":"wp","href":"https:\/\/api.w.org\/{rel}","templated":true}]}}