{"id":133,"date":"2010-05-17T06:29:04","date_gmt":"2010-05-17T06:29:04","guid":{"rendered":"http:\/\/firmas.lasprovincias.es\/mariajosepou\/?p=133"},"modified":"2010-05-17T06:29:04","modified_gmt":"2010-05-17T06:29:04","slug":"lecciones-en-la-diagonal","status":"publish","type":"post","link":"https:\/\/blogs.lasprovincias.es\/mariajosepou\/2010\/05\/17\/lecciones-en-la-diagonal\/","title":{"rendered":"Lecciones en la Diagonal"},"content":{"rendered":"<p style=\"text-align: justify\"><a href=\"\/mariajosepou\/wp-content\/uploads\/sites\/4\/2010\/05\/F036D519LH03.jpg\"><img loading=\"lazy\" class=\"alignleft size-thumbnail wp-image-134\" src=\"\/mariajosepou\/wp-content\/uploads\/sites\/4\/2010\/05\/F036D519LH03.jpg\" alt=\"\" width=\"150\" height=\"150\" \/><\/a>La <a href=\"http:\/\/www.lasprovincias.es\/rc\/20100516\/mas-actualidad\/sociedad\/hereu-cesa-numero-tras-201005161734.html\" target=\"_blank\" rel=\"external nofollow\">consulta popular<\/a> en Barcelona sobre la reforma de la Diagonal, que se ha saldado con la negativa de los ciudadanos a modificarla, deber\u00eda servir de lecci\u00f3n a la clase pol\u00edtica.<\/p>\n<p style=\"text-align: justify\">A menudo los pol\u00edticos se erigen en portavoces de las opiniones y deseos del pueblo sin tener ni remota idea de lo que importa a la gente. Quiz\u00e1s no tienen culpa pues en su circunstancia se unen dos factores que impiden conocer la realidad: por un lado, que se f\u00edan de las encuestas y, por otro, que viven en un ghetto. De alto standing pero un ghetto.<\/p>\n<p style=\"text-align: justify\">Por ejemplo, un pol\u00edtico va en coche oficial, no en metro ni en autob\u00fas donde podr\u00eda escuchar lo que le preocupa al ciudadano normal. Tampoco hace cola en el mercado ni en el centro de salud o en la delegaci\u00f3n de Hacienda. As\u00ed no hay quien se entere de nada.<\/p>\n<p style=\"text-align: justify\">Adem\u00e1s, le acompa\u00f1an asesores, secretarios y subalternos. Ellos crean a su alrededor una barrera de protecci\u00f3n respecto a la informaci\u00f3n dif\u00edcilmente superable pues hasta las noticias las conocen por un dossier filtrado.<\/p>\n<p style=\"text-align: justify\">Para colmo su misma condici\u00f3n de cargo p\u00fablico condiciona su encuentro con los dem\u00e1s, pues a unos les impresiona y se callan y a otros les encanta conocerle y solo dicen cosas agradables para quedar bien.<\/p>\n<p style=\"text-align: justify\">En ese contexto lo m\u00e1s seguro es que acabe proponiendo cosas irreales sin relaci\u00f3n con las preocupaciones de la gente. M\u00e1s bien responde a las preocupaciones propias, de sus asesores, de sus amigos, de sus enemigos o del mundo que creen estar viviendo. As\u00ed nacen propuestas como reformar la Diagonal en plena crisis econ\u00f3mica.<\/p>\n<p style=\"text-align: justify\">Y el barcelon\u00e9s que est\u00e1 viendo c\u00f3mo sube la gasolina; que retrasa la visita al taller de su coche por miedo al estacazo de la factura o que aguanta con una carraca que se cae a trozos porque bastante tiene con pagar la hipoteca como para acompa\u00f1arla de un coche nuevo, piensa \u00a1lo que har\u00eda yo con ese dinero! Y tiene toda la raz\u00f3n. Es m\u00e1s. \u00bfCu\u00e1nto ha costado la consulta? Si es un 80% el que la rechaza, algo habr\u00edan indicado los sondeos previos \u00bfno?<\/p>\n<!-- AddThis Advanced Settings generic via filter on the_content --><!-- AddThis Share Buttons generic via filter on the_content -->","protected":false},"excerpt":{"rendered":"<p>La consulta popular en Barcelona sobre la reforma de la Diagonal, que se ha saldado con la negativa de los ciudadanos a modificarla, deber\u00eda servir de lecci\u00f3n a la clase pol\u00edtica. A menudo los pol\u00edticos se erigen en portavoces de las opiniones y deseos del pueblo sin tener ni remota idea de lo que importa [&hellip;]<!-- AddThis Advanced Settings generic via filter on get_the_excerpt --><!-- AddThis Share Buttons generic via filter on get_the_excerpt --><\/p>\n","protected":false},"author":6,"featured_media":0,"comment_status":"open","ping_status":"closed","sticky":false,"template":"","format":"standard","meta":[],"categories":[4],"tags":[65,136],"_links":{"self":[{"href":"https:\/\/blogs.lasprovincias.es\/mariajosepou\/wp-json\/wp\/v2\/posts\/133"}],"collection":[{"href":"https:\/\/blogs.lasprovincias.es\/mariajosepou\/wp-json\/wp\/v2\/posts"}],"about":[{"href":"https:\/\/blogs.lasprovincias.es\/mariajosepou\/wp-json\/wp\/v2\/types\/post"}],"author":[{"embeddable":true,"href":"https:\/\/blogs.lasprovincias.es\/mariajosepou\/wp-json\/wp\/v2\/users\/6"}],"replies":[{"embeddable":true,"href":"https:\/\/blogs.lasprovincias.es\/mariajosepou\/wp-json\/wp\/v2\/comments?post=133"}],"version-history":[{"count":0,"href":"https:\/\/blogs.lasprovincias.es\/mariajosepou\/wp-json\/wp\/v2\/posts\/133\/revisions"}],"wp:attachment":[{"href":"https:\/\/blogs.lasprovincias.es\/mariajosepou\/wp-json\/wp\/v2\/media?parent=133"}],"wp:term":[{"taxonomy":"category","embeddable":true,"href":"https:\/\/blogs.lasprovincias.es\/mariajosepou\/wp-json\/wp\/v2\/categories?post=133"},{"taxonomy":"post_tag","embeddable":true,"href":"https:\/\/blogs.lasprovincias.es\/mariajosepou\/wp-json\/wp\/v2\/tags?post=133"}],"curies":[{"name":"wp","href":"https:\/\/api.w.org\/{rel}","templated":true}]}}