{"id":139,"date":"2010-05-19T07:13:33","date_gmt":"2010-05-19T07:13:33","guid":{"rendered":"http:\/\/firmas.lasprovincias.es\/mariajosepou\/?p=139"},"modified":"2010-05-19T07:13:33","modified_gmt":"2010-05-19T07:13:33","slug":"rita-camisa-roja","status":"publish","type":"post","link":"https:\/\/blogs.lasprovincias.es\/mariajosepou\/2010\/05\/19\/rita-camisa-roja\/","title":{"rendered":"Rita, camisa roja"},"content":{"rendered":"<p style=\"text-align: justify\"><a href=\"\/mariajosepou\/wp-content\/uploads\/sites\/4\/2010\/05\/2009060801023083913.jpg\"><img loading=\"lazy\" class=\"alignleft size-thumbnail wp-image-140\" src=\"\/mariajosepou\/wp-content\/uploads\/sites\/4\/2010\/05\/2009060801023083913.jpg\" alt=\"\" width=\"150\" height=\"150\" \/><\/a>Como se enteren los atrincherados en el centro de Bangkok, le levantan una estatua del tama\u00f1o de las que en China hac\u00edan a Mao o en la URSS a Lenin. Tama\u00f1o XXXL. Ya lo estoy viendo, Rita a lo Buda feliz con las dimensiones de los que reventaron en las monta\u00f1as de Afganist\u00e1n. Con la misma cara de placidez, en su Nirvana municipal, ya sea en posici\u00f3n orante, sedente o durmiente.<\/p>\n<p style=\"text-align: justify\">Los camisas rojas no saben que Rita, la alcaldesa Flor de Pascua, puede ser su s\u00edmbolo y musa. Es la conjunci\u00f3n de sus anhelos: no solo se lanza a la calle para reivindicar lo que considera suyo sino que lo hace al grito de \u201cgobierno, usurpador\u201d y \u201cvenga, ven, a ver si te atreves\u201d.<\/p>\n<p style=\"text-align: justify\">Es un puro c\u00f3ctel molotov en versi\u00f3n \u201cNuevas Generaciones-Indasec\u201d. Lo mejor es esa metamorfosis de amigable alcaldesa en provocadora antisistema que estamos viendo en los \u00faltimos tiempos. En su caso, sin embargo, no va rompiendo mobiliario urbano, que luego lo tiene que detraer de la partida de jardines verticales, sino lanzando sugerencias incendiarias a las ministras de Zapatero.<\/p>\n<p style=\"text-align: justify\">Empez\u00f3 con Sinde cuando apareci\u00f3 en carne mortal en El Cabanyal. En aquellos d\u00edas, le lleg\u00f3 a ofrecer batalla electoral. Y lo hizo brind\u00e1ndole la opci\u00f3n de presentarse a las elecciones municipales para ocupar su sitio en el balc\u00f3n del Ayuntamiento presidiendo las masclet\u00e0s. \u00a1A ella, capaz de censurar a los pirot\u00e9cnicos porque copian, con sus truenos, \u00f3peras de Wagner!<\/p>\n<p style=\"text-align: justify\">Ahora, repite la osad\u00eda con Espinosa al sugerir que <a href=\"http:\/\/www.lasprovincias.es\/20100518\/comunitatvalenciana\/valencia\/barbera-invita-espinosa-comer-201005181548.html\" target=\"_blank\" rel=\"external nofollow\">deber\u00eda comerse una paellita<\/a> a la orilla de la mar, que est\u00e1 linda, Margarita, digo Elenita. \u00a1Invitar a una ministra del gabinete come-gordos del Vogue, azote de los amantes del triglic\u00e9rido y la morcillita de arroz! \u00bfSe puede ser m\u00e1s cruel?<\/p>\n<p style=\"text-align: justify\">Imag\u00ednense a la Espinosa frente a un <em>socarraet com D\u00e8u mana<\/em>, una bandejita de <em>esgarrat<\/em> con mucho aceite y mucho pan; una jarra de sangr\u00eda con mucho az\u00facar y mucho alcohol y, para rematar, un purito de los del Comandante. Como para acudir luego a un Consejo de Ministros repleto de tallas 38 y talibanes del buen yantar. \u00c9sta no pasa el antidoping.<\/p>\n<!-- AddThis Advanced Settings generic via filter on the_content --><!-- AddThis Share Buttons generic via filter on the_content -->","protected":false},"excerpt":{"rendered":"<p>Como se enteren los atrincherados en el centro de Bangkok, le levantan una estatua del tama\u00f1o de las que en China hac\u00edan a Mao o en la URSS a Lenin. Tama\u00f1o XXXL. Ya lo estoy viendo, Rita a lo Buda feliz con las dimensiones de los que reventaron en las monta\u00f1as de Afganist\u00e1n. Con la [&hellip;]<!-- AddThis Advanced Settings generic via filter on get_the_excerpt --><!-- AddThis Share Buttons generic via filter on get_the_excerpt --><\/p>\n","protected":false},"author":6,"featured_media":0,"comment_status":"open","ping_status":"closed","sticky":false,"template":"","format":"standard","meta":[],"categories":[4],"tags":[136,152],"_links":{"self":[{"href":"https:\/\/blogs.lasprovincias.es\/mariajosepou\/wp-json\/wp\/v2\/posts\/139"}],"collection":[{"href":"https:\/\/blogs.lasprovincias.es\/mariajosepou\/wp-json\/wp\/v2\/posts"}],"about":[{"href":"https:\/\/blogs.lasprovincias.es\/mariajosepou\/wp-json\/wp\/v2\/types\/post"}],"author":[{"embeddable":true,"href":"https:\/\/blogs.lasprovincias.es\/mariajosepou\/wp-json\/wp\/v2\/users\/6"}],"replies":[{"embeddable":true,"href":"https:\/\/blogs.lasprovincias.es\/mariajosepou\/wp-json\/wp\/v2\/comments?post=139"}],"version-history":[{"count":0,"href":"https:\/\/blogs.lasprovincias.es\/mariajosepou\/wp-json\/wp\/v2\/posts\/139\/revisions"}],"wp:attachment":[{"href":"https:\/\/blogs.lasprovincias.es\/mariajosepou\/wp-json\/wp\/v2\/media?parent=139"}],"wp:term":[{"taxonomy":"category","embeddable":true,"href":"https:\/\/blogs.lasprovincias.es\/mariajosepou\/wp-json\/wp\/v2\/categories?post=139"},{"taxonomy":"post_tag","embeddable":true,"href":"https:\/\/blogs.lasprovincias.es\/mariajosepou\/wp-json\/wp\/v2\/tags?post=139"}],"curies":[{"name":"wp","href":"https:\/\/api.w.org\/{rel}","templated":true}]}}