{"id":150,"date":"2010-05-22T17:26:34","date_gmt":"2010-05-22T17:26:34","guid":{"rendered":"http:\/\/firmas.lasprovincias.es\/mariajosepou\/?p=150"},"modified":"2010-05-22T17:26:34","modified_gmt":"2010-05-22T17:26:34","slug":"esos-oscuros-mercados","status":"publish","type":"post","link":"https:\/\/blogs.lasprovincias.es\/mariajosepou\/2010\/05\/22\/esos-oscuros-mercados\/","title":{"rendered":"Esos oscuros mercados"},"content":{"rendered":"<p style=\"text-align: justify\"><a href=\"\/mariajosepou\/wp-content\/uploads\/sites\/4\/2010\/05\/bolsa.jpg\"><img loading=\"lazy\" class=\"alignleft size-thumbnail wp-image-152\" src=\"\/mariajosepou\/wp-content\/uploads\/sites\/4\/2010\/05\/bolsa.jpg\" alt=\"\" width=\"150\" height=\"150\" \/><\/a>La adaptaci\u00f3n contempor\u00e1nea del &#8216;hombre del saco&#8217; fueron los malos de pel\u00edcula como Doctor No en las historias de James Bond; los reales como Ben Laden y los de animaci\u00f3n como Gargamel. Todos ellos quedaron en el imaginario colectivo de los ciudadanos ya fuera en una edad temprana con los dibujos o en la adulta con los que a diario muestran las noticias. En este \u00faltimo caso, tanto Ben Laden como el Doctor No tienen algo en com\u00fan: representan los miedos de una sociedad; est\u00e1n alejados; habitan un lugar ajeno e inaccesible pero desde all\u00ed intentan dominar el mundo.<\/p>\n<p style=\"text-align: justify\">En eso consisten las pel\u00edculas de grandes complots, peligros indeterminados pero amenazantes y luchas de h\u00e9roes sobrehumanos contra las fuerzas del Mal. Lo que diferencia una etapa de otra es la caracterizaci\u00f3n de ese Mal. En eso son muy ilustrativas las pel\u00edculas del esp\u00eda brit\u00e1nico m\u00e1s famoso, 007. Hubo un tiempo en que luchaba contra los sovi\u00e9ticos; despu\u00e9s lo hizo contra los jeques del petr\u00f3leo y ahora, contra grupos radicales islamistas.<\/p>\n<p style=\"text-align: justify\">Esa variaci\u00f3n a lo largo del tiempo no es casual. Recoge c\u00f3mo los occidentales hemos ido cambiando de temores. No solo son grupos humanos o potencias pol\u00edticas aquellos a las que miramos con aprensi\u00f3n sino tambi\u00e9n otras realidades que sentimos como amenaza: virus, cat\u00e1strofes naturales o fen\u00f3nemos paranormales. Ellos pueblan de vez en cuando nuestra cartelera cinematogr\u00e1fica, en especial, cuando vivimos una crisis como la actual.<\/p>\n<p style=\"text-align: justify\">Sin embargo, en estas \u00faltimas semanas se me est\u00e1 representando esa realidad difusa que controla nuestro mundo bajo una nueva apariencia: los mercados.<\/p>\n<p style=\"text-align: justify\">Cada d\u00eda los dirigentes pol\u00edticos intentan convencernos de que nuestras desgracias tienen su origen en la desconfianza de los mercados y \u00e9stos se nos muestran como un potente dios que, desde su Olimpo en Wall Street o dondequiera se halle, es capaz de reducir nuestra capacidad adquisitiva, nuestros sue\u00f1os o la esperanza de nuestros hijos.<\/p>\n<p style=\"text-align: justify\">Y yo no puedo sino preguntarme \u00bfy qui\u00e9nes son &#8216;los mercados&#8217;? \u00bfQui\u00e9n hay detr\u00e1s? \u00bfC\u00f3mo es posible que toda la vida en este planeta dependa de ellos? Son los malos. Ese malo que siempre se oculta pero domina el mundo.<\/p>\n<!-- AddThis Advanced Settings generic via filter on the_content --><!-- AddThis Share Buttons generic via filter on the_content -->","protected":false},"excerpt":{"rendered":"<p>La adaptaci\u00f3n contempor\u00e1nea del &#8216;hombre del saco&#8217; fueron los malos de pel\u00edcula como Doctor No en las historias de James Bond; los reales como Ben Laden y los de animaci\u00f3n como Gargamel. Todos ellos quedaron en el imaginario colectivo de los ciudadanos ya fuera en una edad temprana con los dibujos o en la adulta [&hellip;]<!-- AddThis Advanced Settings generic via filter on get_the_excerpt --><!-- AddThis Share Buttons generic via filter on get_the_excerpt --><\/p>\n","protected":false},"author":6,"featured_media":0,"comment_status":"open","ping_status":"closed","sticky":false,"template":"","format":"standard","meta":[],"categories":[4],"tags":[65],"_links":{"self":[{"href":"https:\/\/blogs.lasprovincias.es\/mariajosepou\/wp-json\/wp\/v2\/posts\/150"}],"collection":[{"href":"https:\/\/blogs.lasprovincias.es\/mariajosepou\/wp-json\/wp\/v2\/posts"}],"about":[{"href":"https:\/\/blogs.lasprovincias.es\/mariajosepou\/wp-json\/wp\/v2\/types\/post"}],"author":[{"embeddable":true,"href":"https:\/\/blogs.lasprovincias.es\/mariajosepou\/wp-json\/wp\/v2\/users\/6"}],"replies":[{"embeddable":true,"href":"https:\/\/blogs.lasprovincias.es\/mariajosepou\/wp-json\/wp\/v2\/comments?post=150"}],"version-history":[{"count":0,"href":"https:\/\/blogs.lasprovincias.es\/mariajosepou\/wp-json\/wp\/v2\/posts\/150\/revisions"}],"wp:attachment":[{"href":"https:\/\/blogs.lasprovincias.es\/mariajosepou\/wp-json\/wp\/v2\/media?parent=150"}],"wp:term":[{"taxonomy":"category","embeddable":true,"href":"https:\/\/blogs.lasprovincias.es\/mariajosepou\/wp-json\/wp\/v2\/categories?post=150"},{"taxonomy":"post_tag","embeddable":true,"href":"https:\/\/blogs.lasprovincias.es\/mariajosepou\/wp-json\/wp\/v2\/tags?post=150"}],"curies":[{"name":"wp","href":"https:\/\/api.w.org\/{rel}","templated":true}]}}