{"id":154,"date":"2010-05-23T07:41:13","date_gmt":"2010-05-23T07:41:13","guid":{"rendered":"http:\/\/firmas.lasprovincias.es\/mariajosepou\/?p=154"},"modified":"2010-05-23T07:41:13","modified_gmt":"2010-05-23T07:41:13","slug":"rentabilidad-de-eta","status":"publish","type":"post","link":"https:\/\/blogs.lasprovincias.es\/mariajosepou\/2010\/05\/23\/rentabilidad-de-eta\/","title":{"rendered":"Rentabilidad de ETA"},"content":{"rendered":"<p style=\"text-align: justify\"><a href=\"\/mariajosepou\/wp-content\/uploads\/sites\/4\/2010\/05\/jos-ignacio-de-juana-chaos.jpg\"><img loading=\"lazy\" class=\"alignleft size-thumbnail wp-image-157\" src=\"\/mariajosepou\/wp-content\/uploads\/sites\/4\/2010\/05\/jos-ignacio-de-juana-chaos.jpg\" alt=\"\" width=\"150\" height=\"150\" \/><\/a>La introducci\u00f3n en la agenda p\u00fablica de un tema olvidado solo tiene dos or\u00edgenes: la aportaci\u00f3n de un hecho novedoso o la calculada estrategia de alg\u00fan actor p\u00fablico.<\/p>\n<p style=\"text-align: justify\">Desde la llegada a la lehendakaritza de Patxi L\u00f3pez, el terrorismo ha estado muy relegado en el debate social y pol\u00edtico y, lo que es m\u00e1s importante, ha perdido puestos entre las preocupaciones de los ciudadanos seg\u00fan manifiestan las encuestas del CIS.<\/p>\n<p style=\"text-align: justify\">Solo ha reaparecido por la voluntad del PP, por la situaci\u00f3n penal de alguno de sus miembros m\u00e1s &#8216;ilustres&#8217; y de sus presos o bien por alguna operaci\u00f3n policial. La pregunta, pues, es si todo ello tiene algo que ver.<\/p>\n<p style=\"text-align: justify\">El PP insiste en advertencias y declaraciones que suenan extra\u00f1as en un contexto de calma. Rechina su continua referencia al peligro de una negociaci\u00f3n en la sombra entre el Gobierno y ETA pero no por eso es menos probable.<\/p>\n<p style=\"text-align: justify\">Ante esa realidad, conviene adoptar la misma t\u00e9cnica que los detectives de novelas de misterio, esto es, preguntarse a qui\u00e9n beneficia esa presunta negociaci\u00f3n. Si es verdad toda esa conspiraci\u00f3n aunque suene a paranoia, el Gobierno estar\u00eda hablando con la banda o preparando el terreno para hacerlo, no solo con comunicaciones ocultas sino con decisiones p\u00fablicas como las tomadas con D\u00edez Usabiaga o las dejadas de tomar con De Juana Chaos.<\/p>\n<p style=\"text-align: justify\">Sin duda, el deseo de acabar con ETA es un anhelo de cualquier gobierno. Lo ha sido en todos los casos pero para el actual es una necesidad perentoria si quiere ganarse a un electorado al que no podr\u00eda llegar de otro modo.<\/p>\n<p style=\"text-align: justify\">El Gobierno puede estar calculando que con su pol\u00edtica social encabezada por Bibiana A\u00eddo se gana a la izquierda pero con su victoria sobre ETA podr\u00eda llegar a la derecha o, al menos, a los sectores moderados m\u00e1s pr\u00f3ximos.<\/p>\n<p style=\"text-align: justify\">Si a eso le a\u00f1adimos el desgaste social que le va a producir la crisis, es razonable pensar que el \u00fanico \u00e9xito que puede ofrecer a la ciudadan\u00eda en esta legislatura es un pacto educativo que no va a llegar; la reforma del aborto que no alcanza al centro-derecha o el fin de ETA.<\/p>\n<!-- AddThis Advanced Settings generic via filter on the_content --><!-- AddThis Share Buttons generic via filter on the_content -->","protected":false},"excerpt":{"rendered":"<p>La introducci\u00f3n en la agenda p\u00fablica de un tema olvidado solo tiene dos or\u00edgenes: la aportaci\u00f3n de un hecho novedoso o la calculada estrategia de alg\u00fan actor p\u00fablico. Desde la llegada a la lehendakaritza de Patxi L\u00f3pez, el terrorismo ha estado muy relegado en el debate social y pol\u00edtico y, lo que es m\u00e1s importante, [&hellip;]<!-- AddThis Advanced Settings generic via filter on get_the_excerpt --><!-- AddThis Share Buttons generic via filter on get_the_excerpt --><\/p>\n","protected":false},"author":6,"featured_media":0,"comment_status":"open","ping_status":"closed","sticky":false,"template":"","format":"standard","meta":[],"categories":[4],"tags":[136,169],"_links":{"self":[{"href":"https:\/\/blogs.lasprovincias.es\/mariajosepou\/wp-json\/wp\/v2\/posts\/154"}],"collection":[{"href":"https:\/\/blogs.lasprovincias.es\/mariajosepou\/wp-json\/wp\/v2\/posts"}],"about":[{"href":"https:\/\/blogs.lasprovincias.es\/mariajosepou\/wp-json\/wp\/v2\/types\/post"}],"author":[{"embeddable":true,"href":"https:\/\/blogs.lasprovincias.es\/mariajosepou\/wp-json\/wp\/v2\/users\/6"}],"replies":[{"embeddable":true,"href":"https:\/\/blogs.lasprovincias.es\/mariajosepou\/wp-json\/wp\/v2\/comments?post=154"}],"version-history":[{"count":0,"href":"https:\/\/blogs.lasprovincias.es\/mariajosepou\/wp-json\/wp\/v2\/posts\/154\/revisions"}],"wp:attachment":[{"href":"https:\/\/blogs.lasprovincias.es\/mariajosepou\/wp-json\/wp\/v2\/media?parent=154"}],"wp:term":[{"taxonomy":"category","embeddable":true,"href":"https:\/\/blogs.lasprovincias.es\/mariajosepou\/wp-json\/wp\/v2\/categories?post=154"},{"taxonomy":"post_tag","embeddable":true,"href":"https:\/\/blogs.lasprovincias.es\/mariajosepou\/wp-json\/wp\/v2\/tags?post=154"}],"curies":[{"name":"wp","href":"https:\/\/api.w.org\/{rel}","templated":true}]}}