{"id":159,"date":"2010-05-24T09:00:18","date_gmt":"2010-05-24T09:00:18","guid":{"rendered":"http:\/\/firmas.lasprovincias.es\/mariajosepou\/?p=159"},"modified":"2010-05-24T09:00:18","modified_gmt":"2010-05-24T09:00:18","slug":"un-cuerno-en-la-boca","status":"publish","type":"post","link":"https:\/\/blogs.lasprovincias.es\/mariajosepou\/2010\/05\/24\/un-cuerno-en-la-boca\/","title":{"rendered":"Un cuerno en la boca"},"content":{"rendered":"<p style=\"text-align: justify\"><a href=\"\/mariajosepou\/wp-content\/uploads\/sites\/4\/2010\/05\/12746397281643680936.jpg\"><img loading=\"lazy\" class=\"alignleft size-thumbnail wp-image-160\" src=\"\/mariajosepou\/wp-content\/uploads\/sites\/4\/2010\/05\/12746397281643680936.jpg\" alt=\"\" width=\"150\" height=\"150\" \/><\/a>Ya s\u00e9 que soy antitaurina y que todo lo que diga, a los ojos de los taurinos, est\u00e1 viciado de origen. Sin embargo, por mucho que me esfuerce en entender, no consigo encontrar una raz\u00f3n para determinados comportamientos cuando del mundo del toro se trata.<\/p>\n<p style=\"text-align: justify\">El m\u00e1s reciente es el exhibicionismo de la tragedia, con un cuerno atravesando la boca de un torero en las portadas y las cadenas de televisi\u00f3n. No es el \u00fanico caso ni la imagen de Julio Aparicio es un ejemplo aislado. Desgraciadamente en los \u00faltimos meses han sido varias las fotograf\u00edas espeluznantes de cogidas de toreros en la plaza: Jos\u00e9 Tom\u00e1s, Espl\u00e1 o Cayetano Rivera. Y cada vez que veo una de \u00e9sas me pregunto por qu\u00e9 tengo que verlas. \u00bfPor qu\u00e9 he de soportar ese mal trago mientras veo un informativo si no me interesan los toros, no me gustan, no voy a verlos ni busco programas que hablen de ellos? \u00bfPor qu\u00e9 los espectadores hemos de ser sometidos a la tortura de una imagen terrible?<\/p>\n<p style=\"text-align: justify\">Cuando pienso, adem\u00e1s, en los ni\u00f1os mi estupor se convierte en enfado. Los informativos son programas emitidos en horario diurno y por tanto con la exigencia de evitar im\u00e1genes violentas y pornogr\u00e1ficas. S\u00e9 que tambi\u00e9n hay violencia en una cr\u00f3nica desde Bagdad despu\u00e9s de un atentado con 50 cad\u00e1veres en las calles. Y defiendo que los telediarios deber\u00edan ser sometidos al control parental de modo que los propios padres evitaran el impacto emocional que algunas noticias pueden tener en sus hijos.<\/p>\n<p style=\"text-align: justify\">La imagen de Aparicio, adem\u00e1s, no tiene car\u00e1cter accidental por mucho que su origen sea un tropiezo del torero. \u00c9l ha escogido ponerse delante de un toro y su decisi\u00f3n ha desencadenado la tragedia. Es como si nos mostraran c\u00f3mo una bala revienta la cabeza de un suicida. \u00bfNo habr\u00eda reacci\u00f3n y rechazo popular?<\/p>\n<p style=\"text-align: justify\">Si un peri\u00f3dico decidiera publicar en portada la foto de un suicida o de un asesino rebanando el cuello de su v\u00edctima, protestar\u00edamos, pero cuando se trata de cogidas toreras no lo hacemos. Pues yo s\u00ed lo hago. Y lo hago en un peri\u00f3dico que la llev\u00f3 en portada.<\/p>\n<!-- AddThis Advanced Settings generic via filter on the_content --><!-- AddThis Share Buttons generic via filter on the_content -->","protected":false},"excerpt":{"rendered":"<p>Ya s\u00e9 que soy antitaurina y que todo lo que diga, a los ojos de los taurinos, est\u00e1 viciado de origen. Sin embargo, por mucho que me esfuerce en entender, no consigo encontrar una raz\u00f3n para determinados comportamientos cuando del mundo del toro se trata. El m\u00e1s reciente es el exhibicionismo de la tragedia, con [&hellip;]<!-- AddThis Advanced Settings generic via filter on get_the_excerpt --><!-- AddThis Share Buttons generic via filter on get_the_excerpt --><\/p>\n","protected":false},"author":6,"featured_media":0,"comment_status":"open","ping_status":"closed","sticky":false,"template":"","format":"standard","meta":[],"categories":[4],"tags":[129,170],"_links":{"self":[{"href":"https:\/\/blogs.lasprovincias.es\/mariajosepou\/wp-json\/wp\/v2\/posts\/159"}],"collection":[{"href":"https:\/\/blogs.lasprovincias.es\/mariajosepou\/wp-json\/wp\/v2\/posts"}],"about":[{"href":"https:\/\/blogs.lasprovincias.es\/mariajosepou\/wp-json\/wp\/v2\/types\/post"}],"author":[{"embeddable":true,"href":"https:\/\/blogs.lasprovincias.es\/mariajosepou\/wp-json\/wp\/v2\/users\/6"}],"replies":[{"embeddable":true,"href":"https:\/\/blogs.lasprovincias.es\/mariajosepou\/wp-json\/wp\/v2\/comments?post=159"}],"version-history":[{"count":0,"href":"https:\/\/blogs.lasprovincias.es\/mariajosepou\/wp-json\/wp\/v2\/posts\/159\/revisions"}],"wp:attachment":[{"href":"https:\/\/blogs.lasprovincias.es\/mariajosepou\/wp-json\/wp\/v2\/media?parent=159"}],"wp:term":[{"taxonomy":"category","embeddable":true,"href":"https:\/\/blogs.lasprovincias.es\/mariajosepou\/wp-json\/wp\/v2\/categories?post=159"},{"taxonomy":"post_tag","embeddable":true,"href":"https:\/\/blogs.lasprovincias.es\/mariajosepou\/wp-json\/wp\/v2\/tags?post=159"}],"curies":[{"name":"wp","href":"https:\/\/api.w.org\/{rel}","templated":true}]}}