{"id":162,"date":"2010-05-25T06:15:54","date_gmt":"2010-05-25T06:15:54","guid":{"rendered":"http:\/\/firmas.lasprovincias.es\/mariajosepou\/?p=162"},"modified":"2010-05-25T06:15:54","modified_gmt":"2010-05-25T06:15:54","slug":"la-fusion-fria","status":"publish","type":"post","link":"https:\/\/blogs.lasprovincias.es\/mariajosepou\/2010\/05\/25\/la-fusion-fria\/","title":{"rendered":"La fusi\u00f3n fr\u00eda"},"content":{"rendered":"<p style=\"text-align: justify\"><a href=\"\/mariajosepou\/wp-content\/uploads\/sites\/4\/2010\/05\/2010052495modesto_crespo_cam.jpg\"><img loading=\"lazy\" class=\"alignleft size-thumbnail wp-image-163\" src=\"\/mariajosepou\/wp-content\/uploads\/sites\/4\/2010\/05\/2010052495modesto_crespo_cam.jpg\" alt=\"\" width=\"150\" height=\"150\" \/><\/a>Desde que supe lo de la <a href=\"http:\/\/www.lasprovincias.es\/v\/20100525\/economia\/constituye-fusion-virtual-cajastur-20100525.html\" target=\"_blank\" rel=\"external nofollow\">fusi\u00f3n de la CAM <\/a>pens\u00e9 que eso era justo lo que necesit\u00e1bamos. &#8216;All you need is fusion&#8217;, cantar\u00edan hoy los Beatles. En aquel tiempo, all\u00e1 por los 60, la crisis pol\u00edtica mundial, con los bloques enfrentados y Vietnam echando m\u00e1s humo que el volc\u00e1n island\u00e9s, todo pon\u00eda en peligro la vida, la estabilidad y la paz del mundo. Incluso la continuaci\u00f3n del planeta para las siguientes generaciones. Sin embargo, en un contexto de enfrentamiento real, quedaba la esperanza del amor por encima de la guerra.<\/p>\n<p style=\"text-align: justify\">Hoy, en cambio, los pa\u00edses colaboran para salir de la crisis econ\u00f3mica y el peligro es el ataque oscuro y oculto a la moneda. No hay una guerra definida sino que los malos est\u00e1n agazapados dej\u00e1ndonos sin paz interior. Y sin un euro.<\/p>\n<p style=\"text-align: justify\">La situaci\u00f3n es mucho peor que la de la amenaza nuclear. Entonces parec\u00eda que el ser humano iba a ser incapaz de dejar su legado a los venideros. Hoy existe un legado, s\u00ed, pero de deudas por pagar. Durante siglos.<\/p>\n<p style=\"text-align: justify\">Y en este contexto, el amor no puede sustituir al maldito parn\u00e9 porque cuando \u00e9ste falta, el otro resiste poco y mal. Por eso, quiz\u00e1s, lo confundimos con el romance al ritmo de Lady Gaga, los reality y los programas de teleficci\u00f3n. \u00a1Lo que va de John Lennon a Beyonc\u00e9!<\/p>\n<p style=\"text-align: justify\">La fusi\u00f3n fr\u00eda es la soluci\u00f3n a la situaci\u00f3n de un gobierno paralizado por el miedo a convertirse en lo que siempre ha combatido. Una fusi\u00f3n sin pasi\u00f3n ni calor entre fuerzas pol\u00edticas capaces de sacarnos del atolladero y de asumir, sin ambajes, que m\u00e1s vale la cirug\u00eda propia que la amputaci\u00f3n ajena. Como en Grecia.<\/p>\n<p style=\"text-align: justify\">Las fusiones de las cajas no pueden demorarse. As\u00ed lo ha indicado el Banco de Espa\u00f1a con su golpe de efecto sobre Cajasur. Y las dem\u00e1s han presentado armas. O se hace o nos fr\u00ede el mercado que ya nos contempla como una Grecia redivida.<\/p>\n<p style=\"text-align: justify\">En ese contexto, los remilgos pol\u00edticos de los gobiernos auton\u00f3micos sobran. Siempre sobran pero ahora mucho m\u00e1s. La pol\u00edtica ha muerto. Vivan los mercados. \u00c9sa es la lecci\u00f3n de nuestro siglo.<\/p>\n<!-- AddThis Advanced Settings generic via filter on the_content --><!-- AddThis Share Buttons generic via filter on the_content -->","protected":false},"excerpt":{"rendered":"<p>Desde que supe lo de la fusi\u00f3n de la CAM pens\u00e9 que eso era justo lo que necesit\u00e1bamos. &#8216;All you need is fusion&#8217;, cantar\u00edan hoy los Beatles. En aquel tiempo, all\u00e1 por los 60, la crisis pol\u00edtica mundial, con los bloques enfrentados y Vietnam echando m\u00e1s humo que el volc\u00e1n island\u00e9s, todo pon\u00eda en peligro [&hellip;]<!-- AddThis Advanced Settings generic via filter on get_the_excerpt --><!-- AddThis Share Buttons generic via filter on get_the_excerpt --><\/p>\n","protected":false},"author":6,"featured_media":0,"comment_status":"open","ping_status":"closed","sticky":false,"template":"","format":"standard","meta":[],"categories":[4],"tags":[65],"_links":{"self":[{"href":"https:\/\/blogs.lasprovincias.es\/mariajosepou\/wp-json\/wp\/v2\/posts\/162"}],"collection":[{"href":"https:\/\/blogs.lasprovincias.es\/mariajosepou\/wp-json\/wp\/v2\/posts"}],"about":[{"href":"https:\/\/blogs.lasprovincias.es\/mariajosepou\/wp-json\/wp\/v2\/types\/post"}],"author":[{"embeddable":true,"href":"https:\/\/blogs.lasprovincias.es\/mariajosepou\/wp-json\/wp\/v2\/users\/6"}],"replies":[{"embeddable":true,"href":"https:\/\/blogs.lasprovincias.es\/mariajosepou\/wp-json\/wp\/v2\/comments?post=162"}],"version-history":[{"count":0,"href":"https:\/\/blogs.lasprovincias.es\/mariajosepou\/wp-json\/wp\/v2\/posts\/162\/revisions"}],"wp:attachment":[{"href":"https:\/\/blogs.lasprovincias.es\/mariajosepou\/wp-json\/wp\/v2\/media?parent=162"}],"wp:term":[{"taxonomy":"category","embeddable":true,"href":"https:\/\/blogs.lasprovincias.es\/mariajosepou\/wp-json\/wp\/v2\/categories?post=162"},{"taxonomy":"post_tag","embeddable":true,"href":"https:\/\/blogs.lasprovincias.es\/mariajosepou\/wp-json\/wp\/v2\/tags?post=162"}],"curies":[{"name":"wp","href":"https:\/\/api.w.org\/{rel}","templated":true}]}}