{"id":173,"date":"2010-05-28T07:21:08","date_gmt":"2010-05-28T07:21:08","guid":{"rendered":"http:\/\/firmas.lasprovincias.es\/mariajosepou\/?p=173"},"modified":"2010-05-28T07:21:08","modified_gmt":"2010-05-28T07:21:08","slug":"el-programa-mutante","status":"publish","type":"post","link":"https:\/\/blogs.lasprovincias.es\/mariajosepou\/2010\/05\/28\/el-programa-mutante\/","title":{"rendered":"El programa mutante"},"content":{"rendered":"<p style=\"text-align: justify\"><a href=\"\/mariajosepou\/wp-content\/uploads\/sites\/4\/2010\/05\/1274994030838zapaterodn.jpg\"><img loading=\"lazy\" class=\"alignleft size-thumbnail wp-image-175\" src=\"\/mariajosepou\/wp-content\/uploads\/sites\/4\/2010\/05\/1274994030838zapaterodn.jpg\" alt=\"\" width=\"150\" height=\"150\" \/><\/a>Al gobierno le acusan de cambiante solo porque dice hoy, blanco; ma\u00f1ana, negro y pasado ma\u00f1ana &#8220;\u00bfpero c\u00f3mo negro? \u00a1dijimos que era blanco!&#8221;. Nunca mejor dicho. Lo que tenemos -acusa la oposici\u00f3n- es un desgobierno. Y los m\u00e1s optimistas se limitan a tararear &#8220;Il governo \u00e8 mobile&#8221;.<\/p>\n<p style=\"text-align: justify\">Sin embargo, los ac\u00e9rrimos alegan en su defensa que el problema es la variabilidad del contexto. Como los mercados van tanteando para obtener el mayor beneficio, la pol\u00edtica tiene que bailar al son que aquellos marcan.<\/p>\n<p style=\"text-align: justify\">Por eso la nueva situaci\u00f3n plantea un reto a quienes dise\u00f1an las campa\u00f1as electorales. Sobre todo, a quienes redactan los programas de gobierno. Si la realidad cambia y obliga a modificar una pol\u00edtica para adaptarse a ella, \u00bfc\u00f3mo vender un proyecto para ser elegido? Para un partido, la necesidad de cambio urgente supone un desgaste al ser acusado de no someterse a sus promesas.<\/p>\n<p style=\"text-align: justify\">Eso significa que o bien se prometen l\u00edneas de actuaci\u00f3n tan variables como &#8220;nos adaptaremos a lo que suceda con el menor coste posible para ustedes&#8221; o bien garantizan un comportamiento y luego capean el temporal, que es lo que est\u00e1 haciendo el PSOE.<\/p>\n<p style=\"text-align: justify\">Lo que deber\u00edan hacer ahora los organizadores de campa\u00f1as electorales es optar por los diagramas de flujos. Son gr\u00e1ficos que suelen utilizarse en econom\u00eda o inform\u00e1tica para contemplar todos los escenarios posibles y darles soluci\u00f3n. Por ejemplo, en un manual de instrucciones de una tele nueva, la secci\u00f3n de ayuda puede dise\u00f1arse con ellos. Le plantean el siguiente problema: Su televisor no se ve. Y a partir de ah\u00ed le dan dos posibilidades. \u00bfEst\u00e1 apagado? La soluci\u00f3n es encenderlo. \u00bfEst\u00e1 encendido? La soluci\u00f3n es comprobar si la imagen tiene el contraste al 100%. Y as\u00ed sucesivamente.<\/p>\n<p style=\"text-align: justify\">En los programas electorales deber\u00edan hacer lo mismo. \u00bfHay crisis? Si la respuesta es no, haremos esta pol\u00edtica. Si la respuesta es s\u00ed, haremos esta otra. Lo malo, tanto en un caso convencional como en el programa mutante de diagrama de flujos, es que, en el fondo no sabes qu\u00e9 est\u00e1s votando. Solo un cheque en blanco para despu\u00e9s escudarse en un &#8220;no vine a luchar contra los elementos&#8221;.<\/p>\n<!-- AddThis Advanced Settings generic via filter on the_content --><!-- AddThis Share Buttons generic via filter on the_content -->","protected":false},"excerpt":{"rendered":"<p>Al gobierno le acusan de cambiante solo porque dice hoy, blanco; ma\u00f1ana, negro y pasado ma\u00f1ana &#8220;\u00bfpero c\u00f3mo negro? \u00a1dijimos que era blanco!&#8221;. Nunca mejor dicho. Lo que tenemos -acusa la oposici\u00f3n- es un desgobierno. Y los m\u00e1s optimistas se limitan a tararear &#8220;Il governo \u00e8 mobile&#8221;. Sin embargo, los ac\u00e9rrimos alegan en su defensa [&hellip;]<!-- AddThis Advanced Settings generic via filter on get_the_excerpt --><!-- AddThis Share Buttons generic via filter on get_the_excerpt --><\/p>\n","protected":false},"author":6,"featured_media":0,"comment_status":"open","ping_status":"closed","sticky":false,"template":"","format":"standard","meta":[],"categories":[4],"tags":[136,187],"_links":{"self":[{"href":"https:\/\/blogs.lasprovincias.es\/mariajosepou\/wp-json\/wp\/v2\/posts\/173"}],"collection":[{"href":"https:\/\/blogs.lasprovincias.es\/mariajosepou\/wp-json\/wp\/v2\/posts"}],"about":[{"href":"https:\/\/blogs.lasprovincias.es\/mariajosepou\/wp-json\/wp\/v2\/types\/post"}],"author":[{"embeddable":true,"href":"https:\/\/blogs.lasprovincias.es\/mariajosepou\/wp-json\/wp\/v2\/users\/6"}],"replies":[{"embeddable":true,"href":"https:\/\/blogs.lasprovincias.es\/mariajosepou\/wp-json\/wp\/v2\/comments?post=173"}],"version-history":[{"count":0,"href":"https:\/\/blogs.lasprovincias.es\/mariajosepou\/wp-json\/wp\/v2\/posts\/173\/revisions"}],"wp:attachment":[{"href":"https:\/\/blogs.lasprovincias.es\/mariajosepou\/wp-json\/wp\/v2\/media?parent=173"}],"wp:term":[{"taxonomy":"category","embeddable":true,"href":"https:\/\/blogs.lasprovincias.es\/mariajosepou\/wp-json\/wp\/v2\/categories?post=173"},{"taxonomy":"post_tag","embeddable":true,"href":"https:\/\/blogs.lasprovincias.es\/mariajosepou\/wp-json\/wp\/v2\/tags?post=173"}],"curies":[{"name":"wp","href":"https:\/\/api.w.org\/{rel}","templated":true}]}}