{"id":177,"date":"2010-05-29T06:51:59","date_gmt":"2010-05-29T06:51:59","guid":{"rendered":"http:\/\/firmas.lasprovincias.es\/mariajosepou\/?p=177"},"modified":"2010-05-29T06:51:59","modified_gmt":"2010-05-29T06:51:59","slug":"las-domingas-de-bruni","status":"publish","type":"post","link":"https:\/\/blogs.lasprovincias.es\/mariajosepou\/2010\/05\/29\/las-domingas-de-bruni\/","title":{"rendered":"Las domingas de Bruni"},"content":{"rendered":"<p style=\"text-align: justify\"><a href=\"\/mariajosepou\/wp-content\/uploads\/sites\/4\/2010\/05\/carla.jpg\"><img loading=\"lazy\" class=\"alignleft size-thumbnail wp-image-178\" src=\"\/mariajosepou\/wp-content\/uploads\/sites\/4\/2010\/05\/carla.jpg\" alt=\"\" width=\"150\" height=\"150\" srcset=\"https:\/\/static-blogs.lasprovincias.es\/wp-content\/uploads\/sites\/4\/2010\/05\/carla.jpg 446w, https:\/\/static-blogs.lasprovincias.es\/wp-content\/uploads\/sites\/4\/2010\/05\/carla-150x150.jpg 150w, https:\/\/static-blogs.lasprovincias.es\/wp-content\/uploads\/sites\/4\/2010\/05\/carla-300x300.jpg 300w\" sizes=\"(max-width: 150px) 100vw, 150px\" \/><\/a>Desde hace unos d\u00edas el El\u00edseo hace todo lo posible para impedir el acceso de los internautas a <a href=\"http:\/\/www.youtube.com\/watch?v=nsuoE3FMeS4&#038;feature=related\" target=\"_blank\" rel=\"external nofollow\">un v\u00eddeo<\/a> sobre Carla Bruni que considera impropio de una Primera Dama.<\/p>\n<p style=\"text-align: justify\">En \u00e9l, el autor muestra declaraciones de Carla de hace a\u00f1os, cuando a\u00fan ni siquiera so\u00f1aba con ser la inquilina del Palacio parisino. Declaraciones hechas en distintas entrevistas en las que la modelo hablaba de sexo. Era joven, cosmopolita y famosa por alguno de sus ex amantes, de modo que parec\u00eda l\u00f3gico preguntarle por cuestiones de cama.<\/p>\n<p style=\"text-align: justify\">Ella, en un t\u00edpico gesto adolescente, explicaba c\u00f3mo decir frases de contenido sexual en distintos idiomas. Por ejemplo, en un momento dado el dise\u00f1ador Jean Paul Gaultier, que acompa\u00f1a al presentador del programa en una entrevista, le pregunta c\u00f3mo dir\u00eda \u201cte gustan mis pechos\u201d y ella escoge el espa\u00f1ol por su car\u00e1cter latino y dice, con un evidente acento mexicano, \u201c\u00bfte gustan mis domingas?\u201d igual que hubiera podido decir: guate, guate, aqu\u00ed hay tomate.<\/p>\n<p style=\"text-align: justify\">El tomate sin embargo lo ha encontrado Sarkozy en la difusi\u00f3n de una imagen fr\u00edvola, desenfadada y de moral alegre, que dir\u00edan los cl\u00e1sicos, de su actual mujer.<\/p>\n<p style=\"text-align: justify\">El problema para el presidente franc\u00e9s es que todo eso est\u00e1 grabado. Existe. Y no pertenece al \u00e1mbito de la privacidad pues se trata de im\u00e1genes tomadas bien en sus desfiles bien en entrevistas concedidas por ella.<\/p>\n<p style=\"text-align: justify\">Es el h\u00e1ndicap contra el que tiene que luchar todo aquel que quiere iniciar una nueva vida, crearse una nueva imagen y hacer como que todo lo anterior nunca ocurri\u00f3.<\/p>\n<p style=\"text-align: justify\">Es cierto que una Primera Dama debe ofrecer una imagen de seriedad, elegancia y correcci\u00f3n porque no deja de ser un espejo de la naci\u00f3n. Sin embargo, su vida pasada, ajena a los derroteros posteriores que \u00e9sta pod\u00eda tomar, puede tener puntos negros.<\/p>\n<p style=\"text-align: justify\">Lo malo es pretender elevar a un pedestal divino lo que no se puede. Un presidente es uno de nosotros. Y su consorte tambi\u00e9n. Convertirlos en otra cosa es arriesgarse a hacer el rid\u00edculo. Sarkozy, que tiene aires de emperador revolucionario semidivino, intenta aparecer como Nicholas I, sucesor de Luis XVI. Pero unas domingas se lo impiden.<\/p>\n<!-- AddThis Advanced Settings generic via filter on the_content --><!-- AddThis Share Buttons generic via filter on the_content -->","protected":false},"excerpt":{"rendered":"<p>Desde hace unos d\u00edas el El\u00edseo hace todo lo posible para impedir el acceso de los internautas a un v\u00eddeo sobre Carla Bruni que considera impropio de una Primera Dama. En \u00e9l, el autor muestra declaraciones de Carla de hace a\u00f1os, cuando a\u00fan ni siquiera so\u00f1aba con ser la inquilina del Palacio parisino. Declaraciones hechas [&hellip;]<!-- AddThis Advanced Settings generic via filter on get_the_excerpt --><!-- AddThis Share Buttons generic via filter on get_the_excerpt --><\/p>\n","protected":false},"author":6,"featured_media":0,"comment_status":"open","ping_status":"closed","sticky":false,"template":"","format":"standard","meta":[],"categories":[4],"tags":[157],"_links":{"self":[{"href":"https:\/\/blogs.lasprovincias.es\/mariajosepou\/wp-json\/wp\/v2\/posts\/177"}],"collection":[{"href":"https:\/\/blogs.lasprovincias.es\/mariajosepou\/wp-json\/wp\/v2\/posts"}],"about":[{"href":"https:\/\/blogs.lasprovincias.es\/mariajosepou\/wp-json\/wp\/v2\/types\/post"}],"author":[{"embeddable":true,"href":"https:\/\/blogs.lasprovincias.es\/mariajosepou\/wp-json\/wp\/v2\/users\/6"}],"replies":[{"embeddable":true,"href":"https:\/\/blogs.lasprovincias.es\/mariajosepou\/wp-json\/wp\/v2\/comments?post=177"}],"version-history":[{"count":0,"href":"https:\/\/blogs.lasprovincias.es\/mariajosepou\/wp-json\/wp\/v2\/posts\/177\/revisions"}],"wp:attachment":[{"href":"https:\/\/blogs.lasprovincias.es\/mariajosepou\/wp-json\/wp\/v2\/media?parent=177"}],"wp:term":[{"taxonomy":"category","embeddable":true,"href":"https:\/\/blogs.lasprovincias.es\/mariajosepou\/wp-json\/wp\/v2\/categories?post=177"},{"taxonomy":"post_tag","embeddable":true,"href":"https:\/\/blogs.lasprovincias.es\/mariajosepou\/wp-json\/wp\/v2\/tags?post=177"}],"curies":[{"name":"wp","href":"https:\/\/api.w.org\/{rel}","templated":true}]}}