{"id":181,"date":"2010-05-30T07:20:17","date_gmt":"2010-05-30T07:20:17","guid":{"rendered":"http:\/\/firmas.lasprovincias.es\/mariajosepou\/?p=181"},"modified":"2010-05-30T07:20:17","modified_gmt":"2010-05-30T07:20:17","slug":"que-zapatero-sea-malo","status":"publish","type":"post","link":"https:\/\/blogs.lasprovincias.es\/mariajosepou\/2010\/05\/30\/que-zapatero-sea-malo\/","title":{"rendered":"Que Zapatero sea malo"},"content":{"rendered":"<p style=\"text-align: justify\"><a href=\"\/mariajosepou\/wp-content\/uploads\/sites\/4\/2010\/05\/grinan.jpg\"><img loading=\"lazy\" class=\"alignleft size-thumbnail wp-image-182\" src=\"\/mariajosepou\/wp-content\/uploads\/sites\/4\/2010\/05\/grinan.jpg\" alt=\"\" width=\"150\" height=\"150\" \/><\/a>La frase pronunciada por Jos\u00e9 Antonio Gri\u00f1\u00e1n <a href=\"http:\/\/www.youtube.com\/watch?v=0EfE7zvA0ck\" target=\"_blank\" rel=\"external nofollow\">hace unos d\u00edas en el Parlamento andaluz<\/a> levant\u00f3 un gran revuelo por la torpeza manifiesta que el presidente de Andaluc\u00eda no subo atajar ni evitar. Sin embargo est\u00e1 reflejando un razonamiento digno de tenerse en cuenta.<\/p>\n<p style=\"text-align: justify\">Dec\u00eda Gri\u00f1\u00e1n a los populares: \u00abQue Zapatero sea malo no les convierte a ustedes en buenos\u00bb. Su problema fue no aclarar la primera parte, esto es, no apuntillar que la consideraci\u00f3n de Zapatero era la opini\u00f3n del PP, no la suya.<\/p>\n<p style=\"text-align: justify\">La correcci\u00f3n necesaria hubiera debido ser: \u00abAceptando su presupuesto, solo a efectos argumentativos, de que Zapatero es malo, eso no les convierte a ustedes en buenos\u00bb.<\/p>\n<p style=\"text-align: justify\">Lo que est\u00e1 diciendo Gri\u00f1\u00e1n es muy interesante pero poco \u00fatil para el debate. Est\u00e1 exponiendo un recurso t\u00edpico de la demagogia: la presentaci\u00f3n de una realidad dual excluyente en la que la negaci\u00f3n de lo contrario solo deja margen para lo propio y \u00e9sa es la raz\u00f3n por la que esto \u00faltimo es bueno.<\/p>\n<p style=\"text-align: justify\">Gri\u00f1\u00e1n, en el fondo, ten\u00eda raz\u00f3n. Pongamos por hecho que es v\u00e1lida la cr\u00edtica de la oposici\u00f3n y Zapatero es el problema. \u00bfEso hace bueno a Rajoy? No necesariamente. Eso solo indica que Zapatero es malo. La bondad de Rajoy est\u00e1 por demostrar. Lo m\u00e1s que podr\u00eda aceptarse es que, si la \u00fanica alternativa a ZP es Rajoy y ZP es malo, Rajoy puede ser mejor. Pero tambi\u00e9n peor.<\/p>\n<p style=\"text-align: justify\">Ya s\u00e9 que este razonamiento en abstracto es aceptable pero repele a la pura raz\u00f3n pues, de Zapatero ya sabemos lo que podemos obtener, en cambio Rajoy puede ser una esperanza virgen. Ahora bien, el refranero espa\u00f1ol no es proclive a la vana ilusi\u00f3n del desconocido: \u00abm\u00e1s vale malo conocido que bueno por conocer\u00bb, dice sabiamente.<\/p>\n<p style=\"text-align: justify\">Ese juego ret\u00f3rico se acompa\u00f1a en estos d\u00edas de otro ejercicio demag\u00f3gico de la mano de Leire Paj\u00edn, verdadera virtuosa de la disciplina. Dice Leire que el PSOE mira por el inter\u00e9s general y el PP, por el propio. Es posible. Pero lo que oculta es que el PSOE miraba por el propio cuando ganaba apoyos \u00abcomprando\u00bb voluntades con 400 euros, planes E o subvenciones sindicales.<\/p>\n<!-- AddThis Advanced Settings generic via filter on the_content --><!-- AddThis Share Buttons generic via filter on the_content -->","protected":false},"excerpt":{"rendered":"<p>La frase pronunciada por Jos\u00e9 Antonio Gri\u00f1\u00e1n hace unos d\u00edas en el Parlamento andaluz levant\u00f3 un gran revuelo por la torpeza manifiesta que el presidente de Andaluc\u00eda no subo atajar ni evitar. Sin embargo est\u00e1 reflejando un razonamiento digno de tenerse en cuenta. Dec\u00eda Gri\u00f1\u00e1n a los populares: \u00abQue Zapatero sea malo no les convierte [&hellip;]<!-- AddThis Advanced Settings generic via filter on get_the_excerpt --><!-- AddThis Share Buttons generic via filter on get_the_excerpt --><\/p>\n","protected":false},"author":6,"featured_media":0,"comment_status":"open","ping_status":"closed","sticky":false,"template":"","format":"standard","meta":[],"categories":[4],"tags":[187],"_links":{"self":[{"href":"https:\/\/blogs.lasprovincias.es\/mariajosepou\/wp-json\/wp\/v2\/posts\/181"}],"collection":[{"href":"https:\/\/blogs.lasprovincias.es\/mariajosepou\/wp-json\/wp\/v2\/posts"}],"about":[{"href":"https:\/\/blogs.lasprovincias.es\/mariajosepou\/wp-json\/wp\/v2\/types\/post"}],"author":[{"embeddable":true,"href":"https:\/\/blogs.lasprovincias.es\/mariajosepou\/wp-json\/wp\/v2\/users\/6"}],"replies":[{"embeddable":true,"href":"https:\/\/blogs.lasprovincias.es\/mariajosepou\/wp-json\/wp\/v2\/comments?post=181"}],"version-history":[{"count":0,"href":"https:\/\/blogs.lasprovincias.es\/mariajosepou\/wp-json\/wp\/v2\/posts\/181\/revisions"}],"wp:attachment":[{"href":"https:\/\/blogs.lasprovincias.es\/mariajosepou\/wp-json\/wp\/v2\/media?parent=181"}],"wp:term":[{"taxonomy":"category","embeddable":true,"href":"https:\/\/blogs.lasprovincias.es\/mariajosepou\/wp-json\/wp\/v2\/categories?post=181"},{"taxonomy":"post_tag","embeddable":true,"href":"https:\/\/blogs.lasprovincias.es\/mariajosepou\/wp-json\/wp\/v2\/tags?post=181"}],"curies":[{"name":"wp","href":"https:\/\/api.w.org\/{rel}","templated":true}]}}