{"id":185,"date":"2010-05-31T09:15:12","date_gmt":"2010-05-31T09:15:12","guid":{"rendered":"http:\/\/firmas.lasprovincias.es\/mariajosepou\/?p=185"},"modified":"2010-05-31T09:15:12","modified_gmt":"2010-05-31T09:15:12","slug":"los-tijeretazos","status":"publish","type":"post","link":"https:\/\/blogs.lasprovincias.es\/mariajosepou\/2010\/05\/31\/los-tijeretazos\/","title":{"rendered":"Los tijeretazos"},"content":{"rendered":"<p style=\"text-align: justify\"><a href=\"\/mariajosepou\/wp-content\/uploads\/sites\/4\/2010\/05\/mestalla.jpg\"><img loading=\"lazy\" class=\"alignleft size-thumbnail wp-image-186\" src=\"\/mariajosepou\/wp-content\/uploads\/sites\/4\/2010\/05\/mestalla.jpg\" alt=\"\" width=\"150\" height=\"150\" \/><\/a>Es tiempo de tijeretazos. Hoy, quien m\u00e1s y quien menos ha sufrido, sufre o prepara un tijeretazo. Recortamos plantillas, presupuestos, endeudamiento o calor\u00edas. La cuesti\u00f3n es limitar el consumo de gastos superfluos. La dificultad reside en definir qu\u00e9 es superfluo.<\/p>\n<p style=\"text-align: justify\">Si algo nos ha ense\u00f1ado la crisis es a distinguir lo imprescindible de lo que no lo es. Sin embargo eso que todos los espa\u00f1oles hemos aprendido no lo asumen todav\u00eda nuestros gobernantes.<\/p>\n<p style=\"text-align: justify\">Para algunos, el coche oficial es imprescindible. \u00bfC\u00f3mo suprimirlo sin que se resienta la clase pol\u00edtica? En Inglaterra lo han hecho y no ha habido un cataclismo. Los ciudadanos fuimos invitados hace tiempo a compartir coche para reducir las emisiones de CO2, as\u00ed pues, que nuestros dirigentes adopten la misma costumbre es beneficioso para las arcas p\u00fablicas y tambi\u00e9n para el medio ambiente.<\/p>\n<p style=\"text-align: justify\">Ahora propone Rajoy meter la tijera en el gasto electoral. No es la primera noticia. Ya en Grecia se ha decidido hacer coincidir las elecciones generales con las europeas alargando, incluso, las legislaturas que hasta ahora eran de 4 a\u00f1os y que ahora pasar\u00e1n a ser de 5. Es un buena idea para conseguir reducir gastos que, en el caso espa\u00f1ol, se multiplican con las convocatorias auton\u00f3micas al margen de las dem\u00e1s, como las catalanas.<\/p>\n<p style=\"text-align: justify\">El problema con el que lucha Espa\u00f1a que no tiene Grecia es el poder de las taifas, el poder local que necesita determinados instrumentos para hacerse valer. Aqu\u00ed parece inimaginable la supresi\u00f3n de ayuntamientos como ha hecho el pa\u00eds heleno y sin embargo deber\u00edamos estar ya recortando no solo entidades municipales sino auton\u00f3micas, provinciales y mancomunales. O sea, simplificar las administraciones.<\/p>\n<p style=\"text-align: justify\">La multiplicaci\u00f3n de procesos electorales, sus costes desorbitados y su comprobada inutilidad son una verdadera ofensa a los tijeretazos que se est\u00e1n haciendo sobre las finanzas de los ciudadanos.<\/p>\n<p style=\"text-align: justify\">Nosotros debemos buscar las ofertas de 3&#215;2 y las bonificaciones en la compra de productos, sin embargo, los dirigentes no pueden acogerse a eso de servir a dos y pagar solo uno. No solo en pol\u00edtica, tambi\u00e9n en f\u00fatbol. \u00bfPor qu\u00e9 no un solo estadio para dos equipos de la misma ciudad, por ejemplo, Valencia?<\/p>\n<!-- AddThis Advanced Settings generic via filter on the_content --><!-- AddThis Share Buttons generic via filter on the_content -->","protected":false},"excerpt":{"rendered":"<p>Es tiempo de tijeretazos. Hoy, quien m\u00e1s y quien menos ha sufrido, sufre o prepara un tijeretazo. Recortamos plantillas, presupuestos, endeudamiento o calor\u00edas. La cuesti\u00f3n es limitar el consumo de gastos superfluos. La dificultad reside en definir qu\u00e9 es superfluo. Si algo nos ha ense\u00f1ado la crisis es a distinguir lo imprescindible de lo que [&hellip;]<!-- AddThis Advanced Settings generic via filter on get_the_excerpt --><!-- AddThis Share Buttons generic via filter on get_the_excerpt --><\/p>\n","protected":false},"author":6,"featured_media":0,"comment_status":"open","ping_status":"closed","sticky":false,"template":"","format":"standard","meta":[],"categories":[4],"tags":[65,136,147],"_links":{"self":[{"href":"https:\/\/blogs.lasprovincias.es\/mariajosepou\/wp-json\/wp\/v2\/posts\/185"}],"collection":[{"href":"https:\/\/blogs.lasprovincias.es\/mariajosepou\/wp-json\/wp\/v2\/posts"}],"about":[{"href":"https:\/\/blogs.lasprovincias.es\/mariajosepou\/wp-json\/wp\/v2\/types\/post"}],"author":[{"embeddable":true,"href":"https:\/\/blogs.lasprovincias.es\/mariajosepou\/wp-json\/wp\/v2\/users\/6"}],"replies":[{"embeddable":true,"href":"https:\/\/blogs.lasprovincias.es\/mariajosepou\/wp-json\/wp\/v2\/comments?post=185"}],"version-history":[{"count":0,"href":"https:\/\/blogs.lasprovincias.es\/mariajosepou\/wp-json\/wp\/v2\/posts\/185\/revisions"}],"wp:attachment":[{"href":"https:\/\/blogs.lasprovincias.es\/mariajosepou\/wp-json\/wp\/v2\/media?parent=185"}],"wp:term":[{"taxonomy":"category","embeddable":true,"href":"https:\/\/blogs.lasprovincias.es\/mariajosepou\/wp-json\/wp\/v2\/categories?post=185"},{"taxonomy":"post_tag","embeddable":true,"href":"https:\/\/blogs.lasprovincias.es\/mariajosepou\/wp-json\/wp\/v2\/tags?post=185"}],"curies":[{"name":"wp","href":"https:\/\/api.w.org\/{rel}","templated":true}]}}