{"id":1875,"date":"2011-10-14T07:23:25","date_gmt":"2011-10-14T05:23:25","guid":{"rendered":"http:\/\/firmas.lasprovincias.es\/mariajosepou\/?p=1875"},"modified":"2011-10-14T07:23:25","modified_gmt":"2011-10-14T05:23:25","slug":"suavizantes-lexicos","status":"publish","type":"post","link":"https:\/\/blogs.lasprovincias.es\/mariajosepou\/2011\/10\/14\/suavizantes-lexicos\/","title":{"rendered":"Suavizantes l\u00e9xicos"},"content":{"rendered":"<p style=\"text-align: justify\"><a href=\"\/mariajosepou\/wp-content\/uploads\/sites\/4\/2011\/10\/37327011.jpg\"><img loading=\"lazy\" class=\"size-full wp-image-1876 alignleft\" src=\"\/mariajosepou\/wp-content\/uploads\/sites\/4\/2011\/10\/37327011.jpg\" alt=\"\" width=\"300\" height=\"218\" \/><\/a>La crisis da mucho de s\u00ed por lo que se refiere al lenguaje. Problemas econ\u00f3micos y elecciones son malos compa\u00f1eros de viaje: restan votos, hacen dif\u00edcil la permanencia o llevan a populistas al poder. Por eso el discurso de los pol\u00edticos se llena de eufemismos, esos trucos del lenguaje para disimular una realidad poco favorecedora.<\/p>\n<p style=\"text-align: justify\">La palabra &#8216;crisis&#8217; sin ir m\u00e1s lejos fue vetada durante meses en el imaginario colectivo del poder. No est\u00e1bamos en crisis, ni se la esperaba. \u00danicamente era una &#8216;ralentizaci\u00f3n de la econom\u00eda&#8217;, &#8216;dificultades en el crecimiento&#8217; o &#8216;cierta recesi\u00f3n global&#8217;. Todo menos llamarla por su nombre y ubicarla en la tienda de la esquina.<\/p>\n<p style=\"text-align: justify\">Ahora, de hecho, asistimos a un proceso similar con la temida segunda recesi\u00f3n o con los tijeretazos de las administraciones en el gasto p\u00fablico. Estos son &#8216;recortes&#8217; si se critica al contrario y &#8216;ajustes&#8217; si se defiende lo propio.<\/p>\n<p style=\"text-align: justify\">En ese discurso explicativo de los recortes se incluye todo un cat\u00e1logo de sin\u00f3nimos suavizantes como &#8216;reorganizaci\u00f3n&#8217;, &#8216;redistribuci\u00f3n&#8217; o &#8216;replanificaci\u00f3n&#8217; de recursos. O sea, recorte.<\/p>\n<p style=\"text-align: justify\">El \u00faltimo caso que me ha llamado la atenci\u00f3n es la forma que ha escogido la Conselleria de Sanidad para hablar de sus reducciones. &#8216;Optimizaci\u00f3n&#8217; de la Sanidad lo llama. Eso incluye cerrar salas de hospital argumentando que est\u00e1n vac\u00edas.<\/p>\n<p style=\"text-align: justify\">No s\u00e9 c\u00f3mo encajarlo cuando acabo de conocer que el padre de una amiga, operado la semana pasada en el Cl\u00ednico, ha compartido habitaci\u00f3n con otras dos personas.<\/p>\n<p style=\"text-align: justify\">Supongo que eso es &#8216;optimizar&#8217; recursos pero no me parece adecuado y por supuesto desmiente a la conseller\u00eda cuando asegura que no bajar\u00e1 la calidad de la atenci\u00f3n sanitaria. Tres por habitaci\u00f3n no es calidad.<\/p>\n<p style=\"text-align: justify\">Ya s\u00e9 que hablo de un caso concreto, quiz\u00e1s no repetido, pero me pregunto qu\u00e9 estar\u00e1 fallando cuando un hospital pone a tres en la misma habitaci\u00f3n y otros, como dice la Administraci\u00f3n, tienen un 40% de ocupaci\u00f3n.<\/p>\n<!-- AddThis Advanced Settings generic via filter on the_content --><!-- AddThis Share Buttons generic via filter on the_content -->","protected":false},"excerpt":{"rendered":"<p>La crisis da mucho de s\u00ed por lo que se refiere al lenguaje. Problemas econ\u00f3micos y elecciones son malos compa\u00f1eros de viaje: restan votos, hacen dif\u00edcil la permanencia o llevan a populistas al poder. Por eso el discurso de los pol\u00edticos se llena de eufemismos, esos trucos del lenguaje para disimular una realidad poco favorecedora. [&hellip;]<!-- AddThis Advanced Settings generic via filter on get_the_excerpt --><!-- AddThis Share Buttons generic via filter on get_the_excerpt --><\/p>\n","protected":false},"author":6,"featured_media":0,"comment_status":"open","ping_status":"closed","sticky":false,"template":"","format":"standard","meta":[],"categories":[4],"tags":[54,136,149,156],"_links":{"self":[{"href":"https:\/\/blogs.lasprovincias.es\/mariajosepou\/wp-json\/wp\/v2\/posts\/1875"}],"collection":[{"href":"https:\/\/blogs.lasprovincias.es\/mariajosepou\/wp-json\/wp\/v2\/posts"}],"about":[{"href":"https:\/\/blogs.lasprovincias.es\/mariajosepou\/wp-json\/wp\/v2\/types\/post"}],"author":[{"embeddable":true,"href":"https:\/\/blogs.lasprovincias.es\/mariajosepou\/wp-json\/wp\/v2\/users\/6"}],"replies":[{"embeddable":true,"href":"https:\/\/blogs.lasprovincias.es\/mariajosepou\/wp-json\/wp\/v2\/comments?post=1875"}],"version-history":[{"count":0,"href":"https:\/\/blogs.lasprovincias.es\/mariajosepou\/wp-json\/wp\/v2\/posts\/1875\/revisions"}],"wp:attachment":[{"href":"https:\/\/blogs.lasprovincias.es\/mariajosepou\/wp-json\/wp\/v2\/media?parent=1875"}],"wp:term":[{"taxonomy":"category","embeddable":true,"href":"https:\/\/blogs.lasprovincias.es\/mariajosepou\/wp-json\/wp\/v2\/categories?post=1875"},{"taxonomy":"post_tag","embeddable":true,"href":"https:\/\/blogs.lasprovincias.es\/mariajosepou\/wp-json\/wp\/v2\/tags?post=1875"}],"curies":[{"name":"wp","href":"https:\/\/api.w.org\/{rel}","templated":true}]}}