{"id":188,"date":"2010-06-01T07:07:44","date_gmt":"2010-06-01T07:07:44","guid":{"rendered":"http:\/\/firmas.lasprovincias.es\/mariajosepou\/?p=188"},"modified":"2010-06-01T07:07:44","modified_gmt":"2010-06-01T07:07:44","slug":"a-pan-y-agua","status":"publish","type":"post","link":"https:\/\/blogs.lasprovincias.es\/mariajosepou\/2010\/06\/01\/a-pan-y-agua\/","title":{"rendered":"A pan y agua"},"content":{"rendered":"<p style=\"text-align: justify\"><a href=\"\/mariajosepou\/wp-content\/uploads\/sites\/4\/2010\/06\/2010053157sindicatos_0105_640.jpg\"><img loading=\"lazy\" class=\"alignleft size-medium wp-image-190\" src=\"\/mariajosepou\/wp-content\/uploads\/sites\/4\/2010\/06\/2010053157sindicatos_0105_640.jpg\" alt=\"\" width=\"300\" height=\"123\" srcset=\"https:\/\/static-blogs.lasprovincias.es\/wp-content\/uploads\/sites\/4\/2010\/06\/2010053157sindicatos_0105_640.jpg 640w, https:\/\/static-blogs.lasprovincias.es\/wp-content\/uploads\/sites\/4\/2010\/06\/2010053157sindicatos_0105_640-300x124.jpg 300w\" sizes=\"(max-width: 300px) 100vw, 300px\" \/><\/a>Estoy convencida de que la mejor reforma laboral que podemos aplicar en Espa\u00f1a es la de cambiar las condiciones de contrataci\u00f3n del gobierno, es decir, pagarles 33 d\u00edas por a\u00f1o trabajado y a casa. &#8220;Trabajado&#8221; significa, parafraseando a Jos\u00e9 Blanco, aquel en el que se ha &#8220;sudado la camiseta&#8221;. O sea, que nos sale cuenta con paga.<\/p>\n<p style=\"text-align: justify\">Ahora bien, aun considerando que el gobierno es un mal compa\u00f1ero de crisis, no creo que sea \u00e9ste el momento de paralizar la vida pol\u00edtica, disolver las C\u00e1maras y convocar una jornada electoral. En periodo preelectoral, el gobierno est\u00e1 en funciones y el poder legislativo, inactivo, de modo que parece lo menos oportuno para tomar decisiones necesarias y urgentes como las que estamos viendo que exige la situaci\u00f3n.<\/p>\n<p style=\"text-align: justify\">Otra cosa es que la oposici\u00f3n marque al gobierno como si fuera la defensa de los Lakers de Gasol y se estuvieran jugando el anillo de la NBA, de los nibelungos o de Frodo. Lo que prefieran.<\/p>\n<p style=\"text-align: justify\">El problema es que los pol\u00edticos, y en especial este gobierno formado por profesionales del poder sin oficio ni beneficio conocido fuera de \u00e9ste, ven en el gobierno su anillo particular. De ah\u00ed que funcionen con una clave repetida: aferrarse a la poltrona para evitar quedarse no solo en el paro sino en un segundo puesto sin posibilidades de promoci\u00f3n laboral.<\/p>\n<p style=\"text-align: justify\">Para quien ha sido ministro antes que fraile, es dif\u00edcil encontrar motivaci\u00f3n alguna en recluirse en un convento. Y hablando de recluir, cada vez que hablan del fracaso en las negociaciones para la reforma laboral, se me representan los cardenales reunidos en c\u00f3nclave.<\/p>\n<p style=\"text-align: justify\">Los ciudadanos deber\u00edamos hacer como las autoridades de Viterbo all\u00e1 por el a\u00f1o 1271. Como el c\u00f3nclave, que por entonces no se llamaba as\u00ed, duraba casi tres a\u00f1os, decidieron encerrar a los cardenales en un espacio peque\u00f1o para que terminaran aquello r\u00e1pidamente. El nuevo Papa cambi\u00f3 las normas de elecci\u00f3n e impuso la reclusi\u00f3n y el racionamiento de comida si pasaban tres d\u00edas sin decidirse.<\/p>\n<p style=\"text-align: justify\">Del mismo modo deber\u00edamos hacer con los agentes sociales. Si hace falta la reforma, que decidan. Y si no lo consiguen, a pan y agua.<\/p>\n<!-- AddThis Advanced Settings generic via filter on the_content --><!-- AddThis Share Buttons generic via filter on the_content -->","protected":false},"excerpt":{"rendered":"<p>Estoy convencida de que la mejor reforma laboral que podemos aplicar en Espa\u00f1a es la de cambiar las condiciones de contrataci\u00f3n del gobierno, es decir, pagarles 33 d\u00edas por a\u00f1o trabajado y a casa. &#8220;Trabajado&#8221; significa, parafraseando a Jos\u00e9 Blanco, aquel en el que se ha &#8220;sudado la camiseta&#8221;. O sea, que nos sale cuenta [&hellip;]<!-- AddThis Advanced Settings generic via filter on get_the_excerpt --><!-- AddThis Share Buttons generic via filter on get_the_excerpt --><\/p>\n","protected":false},"author":6,"featured_media":0,"comment_status":"open","ping_status":"closed","sticky":false,"template":"","format":"standard","meta":[],"categories":[4],"tags":[65,136,159,171],"_links":{"self":[{"href":"https:\/\/blogs.lasprovincias.es\/mariajosepou\/wp-json\/wp\/v2\/posts\/188"}],"collection":[{"href":"https:\/\/blogs.lasprovincias.es\/mariajosepou\/wp-json\/wp\/v2\/posts"}],"about":[{"href":"https:\/\/blogs.lasprovincias.es\/mariajosepou\/wp-json\/wp\/v2\/types\/post"}],"author":[{"embeddable":true,"href":"https:\/\/blogs.lasprovincias.es\/mariajosepou\/wp-json\/wp\/v2\/users\/6"}],"replies":[{"embeddable":true,"href":"https:\/\/blogs.lasprovincias.es\/mariajosepou\/wp-json\/wp\/v2\/comments?post=188"}],"version-history":[{"count":0,"href":"https:\/\/blogs.lasprovincias.es\/mariajosepou\/wp-json\/wp\/v2\/posts\/188\/revisions"}],"wp:attachment":[{"href":"https:\/\/blogs.lasprovincias.es\/mariajosepou\/wp-json\/wp\/v2\/media?parent=188"}],"wp:term":[{"taxonomy":"category","embeddable":true,"href":"https:\/\/blogs.lasprovincias.es\/mariajosepou\/wp-json\/wp\/v2\/categories?post=188"},{"taxonomy":"post_tag","embeddable":true,"href":"https:\/\/blogs.lasprovincias.es\/mariajosepou\/wp-json\/wp\/v2\/tags?post=188"}],"curies":[{"name":"wp","href":"https:\/\/api.w.org\/{rel}","templated":true}]}}