{"id":192,"date":"2010-06-02T07:24:41","date_gmt":"2010-06-02T07:24:41","guid":{"rendered":"http:\/\/firmas.lasprovincias.es\/mariajosepou\/?p=192"},"modified":"2010-06-02T07:24:41","modified_gmt":"2010-06-02T07:24:41","slug":"aire-sin-acondicionar","status":"publish","type":"post","link":"https:\/\/blogs.lasprovincias.es\/mariajosepou\/2010\/06\/02\/aire-sin-acondicionar\/","title":{"rendered":"Aire sin acondicionar"},"content":{"rendered":"<p style=\"text-align: justify\"><a href=\"\/mariajosepou\/wp-content\/uploads\/sites\/4\/2010\/06\/aire-acondicionado-hogar.jpg\"><img loading=\"lazy\" class=\"alignleft size-medium wp-image-193\" src=\"\/mariajosepou\/wp-content\/uploads\/sites\/4\/2010\/06\/aire-acondicionado-hogar.jpg\" alt=\"\" width=\"232\" height=\"300\" srcset=\"https:\/\/static-blogs.lasprovincias.es\/wp-content\/uploads\/sites\/4\/2010\/06\/aire-acondicionado-hogar.jpg 360w, https:\/\/static-blogs.lasprovincias.es\/wp-content\/uploads\/sites\/4\/2010\/06\/aire-acondicionado-hogar-232x300.jpg 232w\" sizes=\"(max-width: 232px) 100vw, 232px\" \/><\/a>Llevo una semana con tos e irritaci\u00f3n de garganta. Si para algunos la primavera llega con las alergias, para m\u00ed el verano llega con la faringitis. Dichoso aire acondicionado.<\/p>\n<p style=\"text-align: justify\">A veces creo que la universalizaci\u00f3n del aire acondicionado, sobre todo, en edificios nuevos, lejos de ser un avance, es el reconocimiento de un retroceso en nuestra relaci\u00f3n con el entorno. No sabemos adaptarnos a \u00e9l. Necesitamos cambiarlo.<\/p>\n<p style=\"text-align: justify\">No me extra\u00f1a que luego vayamos lamentando el da\u00f1o ecol\u00f3gico. En efecto, como todo lo fiamos a la tecnolog\u00eda, creemos resolver el problema del calor enchufando un aparato que perjudica al medio ambiente pero tambi\u00e9n -y mucho- a nuestras v\u00edas respiratorias.<\/p>\n<p style=\"text-align: justify\">No es tecnofobia lo m\u00edo. En absoluto. Me encanta conocer inventos nuevos, cachivaches imposibles y todo tipo de curiosidades que el ser humano es capaz de fabricar para mejorar la vida. Sin embargo, creo que toda esa creatividad debe estar al servicio de su realidad y la de las generaciones venideras.<\/p>\n<p style=\"text-align: justify\">Para ello es necesario aplicar aquellas mejoras que respeten el entorno, a veces m\u00e1s eficaces que las contrarias. Por ejemplo, el fresco en las viviendas.<\/p>\n<p style=\"text-align: justify\">Sin duda nuestros ancestros sudaban m\u00e1s porque no pod\u00edan instalar aire acondicionado en las carretas, las barracas y los campos. Viajar, vivir o trabajar con el poniente pegando como solo \u00e9l sabe hacerlo deb\u00eda de convertir Valencia y alrededores en un parque tem\u00e1tico del infierno. Sin embargo, todos hemos experimentado alguna vez el frescor de las catedrales, de los castillos medievales o de las cuevas de algunas localidades. En ellos, la piedra protege del calor. Como los antiguos lo sab\u00edan, constru\u00edan grandes muros, aislantes naturales, o dejaban el vino y el aceite bajo tierra para que se conservara mejor.<\/p>\n<p style=\"text-align: justify\">No hace falta irse tan lejos. Las viviendas de hace un siglo se constru\u00edan con un gran pasillo central que conectara el este y el oeste de modo que el sol solo afectara a un lado de la casa. As\u00ed, en verano siempre hay una zona fresca y en invierno, una c\u00e1lida. Mi casa es as\u00ed. Abro y tengo aire sin acondicionar. Natural. Sin aditivos ni conservantes. Un lujo en esta Valencia sofocante.<\/p>\n<!-- AddThis Advanced Settings generic via filter on the_content --><!-- AddThis Share Buttons generic via filter on the_content -->","protected":false},"excerpt":{"rendered":"<p>Llevo una semana con tos e irritaci\u00f3n de garganta. Si para algunos la primavera llega con las alergias, para m\u00ed el verano llega con la faringitis. Dichoso aire acondicionado. A veces creo que la universalizaci\u00f3n del aire acondicionado, sobre todo, en edificios nuevos, lejos de ser un avance, es el reconocimiento de un retroceso en [&hellip;]<!-- AddThis Advanced Settings generic via filter on get_the_excerpt --><!-- AddThis Share Buttons generic via filter on get_the_excerpt --><\/p>\n","protected":false},"author":6,"featured_media":0,"comment_status":"open","ping_status":"closed","sticky":false,"template":"","format":"standard","meta":[],"categories":[4],"tags":[47],"_links":{"self":[{"href":"https:\/\/blogs.lasprovincias.es\/mariajosepou\/wp-json\/wp\/v2\/posts\/192"}],"collection":[{"href":"https:\/\/blogs.lasprovincias.es\/mariajosepou\/wp-json\/wp\/v2\/posts"}],"about":[{"href":"https:\/\/blogs.lasprovincias.es\/mariajosepou\/wp-json\/wp\/v2\/types\/post"}],"author":[{"embeddable":true,"href":"https:\/\/blogs.lasprovincias.es\/mariajosepou\/wp-json\/wp\/v2\/users\/6"}],"replies":[{"embeddable":true,"href":"https:\/\/blogs.lasprovincias.es\/mariajosepou\/wp-json\/wp\/v2\/comments?post=192"}],"version-history":[{"count":0,"href":"https:\/\/blogs.lasprovincias.es\/mariajosepou\/wp-json\/wp\/v2\/posts\/192\/revisions"}],"wp:attachment":[{"href":"https:\/\/blogs.lasprovincias.es\/mariajosepou\/wp-json\/wp\/v2\/media?parent=192"}],"wp:term":[{"taxonomy":"category","embeddable":true,"href":"https:\/\/blogs.lasprovincias.es\/mariajosepou\/wp-json\/wp\/v2\/categories?post=192"},{"taxonomy":"post_tag","embeddable":true,"href":"https:\/\/blogs.lasprovincias.es\/mariajosepou\/wp-json\/wp\/v2\/tags?post=192"}],"curies":[{"name":"wp","href":"https:\/\/api.w.org\/{rel}","templated":true}]}}