{"id":195,"date":"2010-06-03T06:16:33","date_gmt":"2010-06-03T06:16:33","guid":{"rendered":"http:\/\/firmas.lasprovincias.es\/mariajosepou\/?p=195"},"modified":"2010-06-03T06:16:33","modified_gmt":"2010-06-03T06:16:33","slug":"activistas-ante-la-ley","status":"publish","type":"post","link":"https:\/\/blogs.lasprovincias.es\/mariajosepou\/2010\/06\/03\/activistas-ante-la-ley\/","title":{"rendered":"Activistas ante la ley"},"content":{"rendered":"<p style=\"text-align: justify\"><a href=\"\/mariajosepou\/wp-content\/uploads\/sites\/4\/2010\/06\/2210143.jpg\"><img loading=\"lazy\" class=\"alignleft size-full wp-image-196\" src=\"\/mariajosepou\/wp-content\/uploads\/sites\/4\/2010\/06\/2210143.jpg\" alt=\"\" width=\"300\" height=\"157\" \/><\/a>Quienes se creen en posesi\u00f3n de la verdad tienden a rechazar no solo los planteamientos contrarios sino el propio contraste con la realidad. Su auto-otorgada autoridad moral les suele dar carta blanca para pasar por encima de la norma pues consideran que hay algo m\u00e1s valioso que no puede someterse a ella.<\/p>\n<p style=\"text-align: justify\">No estoy hablando de grupos religiosos radicales, aunque tambi\u00e9n se comportan as\u00ed. En ese caso consideran que lo v\u00e1lido para los dem\u00e1s no lo es para ellos porque ellos responden a una ley superior: evitan que sus hijos estudien una asignatura; cuestionan la prohibici\u00f3n de llevar la cabeza tapada o niegan la existencia de teor\u00edas cient\u00edficas s\u00f3lidamente demostradas.<\/p>\n<p style=\"text-align: justify\">El problema no es que pongan su fe por encima de todo lo dem\u00e1s sino que cuestionan la ley y, lo que es peor, el origen democr\u00e1tico de la misma. Puede que la ley sea inadecuada, injusta o inmoral pero el modo de combatirla es presentando una propuesta alternativa o una oposici\u00f3n en el Parlamento y no negando su validez una vez aprobada. Si esto \u00faltimo fuera aceptable, todos estar\u00edamos legitimados para saltarnos la norma cuando consider\u00e1ramos que vulnera nuestros principios.<\/p>\n<p style=\"text-align: justify\">En realidad me refiero a los planteamientos radicales situados en lo pol\u00edticamente correcto, por lo general, m\u00e1s frecuentes en la izquierda. Uno de los m\u00e1s claros fue la autoinculpaci\u00f3n como forma de negar validez a la antigua ley del aborto.<\/p>\n<p style=\"text-align: justify\">Ayer mismo lo volvimos a ver en torno a M\u00f3nica Oltra. Sin duda, su imputaci\u00f3n aparece excesiva a cualquier analista pero si la norma exige que explique su actitud ante el juzgado, debe hacerlo. Como as\u00ed ocurri\u00f3. Como sucedi\u00f3 tambi\u00e9n con Garz\u00f3n. Si hay indicios, debe ser investigado aunque nos parezca que es hilar muy fino.<\/p>\n<p style=\"text-align: justify\">Lo mismo puede decirse de los activistas turcos. Si hay un bloqueo e intentan burlarlo, lo normal es que se les aplique la ley, se impida, se les detenga y se les deporte. No que se les mate. \u00a1Por supuesto! Esa apelaci\u00f3n a una autoridad religiosa o moral ajena a la autoridad legal para justificar el incumplimiento de la norma es todo un reto para la sociedad de hoy.<\/p>\n<!-- AddThis Advanced Settings generic via filter on the_content --><!-- AddThis Share Buttons generic via filter on the_content -->","protected":false},"excerpt":{"rendered":"<p>Quienes se creen en posesi\u00f3n de la verdad tienden a rechazar no solo los planteamientos contrarios sino el propio contraste con la realidad. Su auto-otorgada autoridad moral les suele dar carta blanca para pasar por encima de la norma pues consideran que hay algo m\u00e1s valioso que no puede someterse a ella. No estoy hablando [&hellip;]<!-- AddThis Advanced Settings generic via filter on get_the_excerpt --><!-- AddThis Share Buttons generic via filter on get_the_excerpt --><\/p>\n","protected":false},"author":6,"featured_media":0,"comment_status":"open","ping_status":"closed","sticky":false,"template":"","format":"standard","meta":[],"categories":[4],"tags":[32,136,149],"_links":{"self":[{"href":"https:\/\/blogs.lasprovincias.es\/mariajosepou\/wp-json\/wp\/v2\/posts\/195"}],"collection":[{"href":"https:\/\/blogs.lasprovincias.es\/mariajosepou\/wp-json\/wp\/v2\/posts"}],"about":[{"href":"https:\/\/blogs.lasprovincias.es\/mariajosepou\/wp-json\/wp\/v2\/types\/post"}],"author":[{"embeddable":true,"href":"https:\/\/blogs.lasprovincias.es\/mariajosepou\/wp-json\/wp\/v2\/users\/6"}],"replies":[{"embeddable":true,"href":"https:\/\/blogs.lasprovincias.es\/mariajosepou\/wp-json\/wp\/v2\/comments?post=195"}],"version-history":[{"count":0,"href":"https:\/\/blogs.lasprovincias.es\/mariajosepou\/wp-json\/wp\/v2\/posts\/195\/revisions"}],"wp:attachment":[{"href":"https:\/\/blogs.lasprovincias.es\/mariajosepou\/wp-json\/wp\/v2\/media?parent=195"}],"wp:term":[{"taxonomy":"category","embeddable":true,"href":"https:\/\/blogs.lasprovincias.es\/mariajosepou\/wp-json\/wp\/v2\/categories?post=195"},{"taxonomy":"post_tag","embeddable":true,"href":"https:\/\/blogs.lasprovincias.es\/mariajosepou\/wp-json\/wp\/v2\/tags?post=195"}],"curies":[{"name":"wp","href":"https:\/\/api.w.org\/{rel}","templated":true}]}}