{"id":1992,"date":"2011-11-13T10:04:06","date_gmt":"2011-11-13T10:04:06","guid":{"rendered":"http:\/\/firmas.lasprovincias.es\/mariajosepou\/?p=1992"},"modified":"2011-11-13T10:04:06","modified_gmt":"2011-11-13T10:04:06","slug":"vuelven-los-tecnocratas","status":"publish","type":"post","link":"https:\/\/blogs.lasprovincias.es\/mariajosepou\/2011\/11\/13\/vuelven-los-tecnocratas\/","title":{"rendered":"Vuelven los tecn\u00f3cratas"},"content":{"rendered":"<p style=\"text-align: justify\"><a href=\"\/mariajosepou\/wp-content\/uploads\/sites\/4\/2011\/11\/monti-berlusconi.jpg\"><img loading=\"lazy\" class=\"alignleft size-medium wp-image-1993\" src=\"\/mariajosepou\/wp-content\/uploads\/sites\/4\/2011\/11\/monti-berlusconi.jpg\" alt=\"\" width=\"300\" height=\"168\" \/><\/a>Hasta hace bien poco, cuando en Espa\u00f1a habl\u00e1bamos de un gobierno de tecn\u00f3cratas todos pens\u00e1bamos en los a\u00f1os cincuenta, el desarrollismo y los pol\u00edticos del Opus Dei. Sin embargo, en las \u00faltimas semanas y a partir de la dimisi\u00f3n de Berlusconi el debate que centra la atenci\u00f3n de nuestros vecinos es si la crisis exige gobiernos de pol\u00edticos o de tecn\u00f3cratas.<\/p>\n<p style=\"text-align: justify\">La discusi\u00f3n plantea, quiz\u00e1s, el fin de la pol\u00edtica a la que algunos ven tan sometida a los mercados. Sin embargo no es la pol\u00edtica en s\u00ed lo que se pone en duda sino que \u00e9sta haga prevalecer la ideolog\u00eda sobre las decisiones pragm\u00e1ticas.<\/p>\n<p style=\"text-align: justify\">Es lo ocurrido con Zapatero que ha defendido la ideolog\u00eda hasta hace un par de a\u00f1os, momento en que empez\u00f3 a tomar decisiones duras, incompatibles con su discurso y opuestas a su programa electoral.<\/p>\n<p style=\"text-align: justify\">Aquel fue el tiempo del ministerio de Igualdad, del matrimonio homosexual, de la asignatura de Ciudadan\u00eda y otras leyes que respond\u00edan a un intento por modelar la sociedad espa\u00f1ola a imagen y semejanza de su mundo ideal. Sin embargo, apenas hubo modificaciones de calado en el \u00e1mbito laboral, productivo o de inversiones en I+D. Ahora lo estamos pagando.<\/p>\n<p style=\"text-align: justify\">La ideolog\u00eda sale muy cara. Bien lo saben los catalanes que sufren recortes tras un periodo de dispendio en nombre de determinados principios nacionalistas de la mano del tripartito.<\/p>\n<p style=\"text-align: justify\">Por eso cuando se plantea la duda entre tecn\u00f3cratas y pol\u00edticos, entendidos como ide\u00f3logos sin los pies en el suelo, no hay duda de que la crisis requiere un gobierno formado por los primeros.<\/p>\n<p style=\"text-align: justify\">Eso significa dejar a un lado las diferencias entre partidos y unirse para tomar, juntos, las decisiones que superen la tragedia. Es lo ocurrido en Grecia y lo que se est\u00e1n planteando ahora en Italia.<\/p>\n<p style=\"text-align: justify\">El caso espa\u00f1ol es distinto si hay una mayor\u00eda fuerte pero al futuro gobierno hay que pedirle criterios s\u00f3lidos y no programas vanos. Y, sobre todo, t\u00e9cnicos que nos saquen de \u00e9sta.<\/p>\n<!-- AddThis Advanced Settings generic via filter on the_content --><!-- AddThis Share Buttons generic via filter on the_content -->","protected":false},"excerpt":{"rendered":"<p>Hasta hace bien poco, cuando en Espa\u00f1a habl\u00e1bamos de un gobierno de tecn\u00f3cratas todos pens\u00e1bamos en los a\u00f1os cincuenta, el desarrollismo y los pol\u00edticos del Opus Dei. Sin embargo, en las \u00faltimas semanas y a partir de la dimisi\u00f3n de Berlusconi el debate que centra la atenci\u00f3n de nuestros vecinos es si la crisis exige [&hellip;]<!-- AddThis Advanced Settings generic via filter on get_the_excerpt --><!-- AddThis Share Buttons generic via filter on get_the_excerpt --><\/p>\n","protected":false},"author":6,"featured_media":0,"comment_status":"open","ping_status":"closed","sticky":false,"template":"","format":"standard","meta":[],"categories":[4],"tags":[54,65,136],"_links":{"self":[{"href":"https:\/\/blogs.lasprovincias.es\/mariajosepou\/wp-json\/wp\/v2\/posts\/1992"}],"collection":[{"href":"https:\/\/blogs.lasprovincias.es\/mariajosepou\/wp-json\/wp\/v2\/posts"}],"about":[{"href":"https:\/\/blogs.lasprovincias.es\/mariajosepou\/wp-json\/wp\/v2\/types\/post"}],"author":[{"embeddable":true,"href":"https:\/\/blogs.lasprovincias.es\/mariajosepou\/wp-json\/wp\/v2\/users\/6"}],"replies":[{"embeddable":true,"href":"https:\/\/blogs.lasprovincias.es\/mariajosepou\/wp-json\/wp\/v2\/comments?post=1992"}],"version-history":[{"count":0,"href":"https:\/\/blogs.lasprovincias.es\/mariajosepou\/wp-json\/wp\/v2\/posts\/1992\/revisions"}],"wp:attachment":[{"href":"https:\/\/blogs.lasprovincias.es\/mariajosepou\/wp-json\/wp\/v2\/media?parent=1992"}],"wp:term":[{"taxonomy":"category","embeddable":true,"href":"https:\/\/blogs.lasprovincias.es\/mariajosepou\/wp-json\/wp\/v2\/categories?post=1992"},{"taxonomy":"post_tag","embeddable":true,"href":"https:\/\/blogs.lasprovincias.es\/mariajosepou\/wp-json\/wp\/v2\/tags?post=1992"}],"curies":[{"name":"wp","href":"https:\/\/api.w.org\/{rel}","templated":true}]}}