{"id":1995,"date":"2011-11-14T09:35:12","date_gmt":"2011-11-14T09:35:12","guid":{"rendered":"http:\/\/firmas.lasprovincias.es\/mariajosepou\/?p=1995"},"modified":"2011-11-14T09:35:12","modified_gmt":"2011-11-14T09:35:12","slug":"somos-madres","status":"publish","type":"post","link":"https:\/\/blogs.lasprovincias.es\/mariajosepou\/2011\/11\/14\/somos-madres\/","title":{"rendered":"Somos madres"},"content":{"rendered":"<p style=\"text-align: justify\"><a href=\"\/mariajosepou\/wp-content\/uploads\/sites\/4\/2011\/11\/1146_1.jpg\"><img loading=\"lazy\" class=\"alignleft size-medium wp-image-1996\" src=\"\/mariajosepou\/wp-content\/uploads\/sites\/4\/2011\/11\/1146_1.jpg\" alt=\"\" width=\"300\" height=\"172\" \/><\/a>Cuando todos pens\u00e1bamos que el hit de la temporada electoral iba a ser \u00abAlfredo no te creo\u00bb aparece un coro de madres de Esclavas (del colegio, no es que las califique as\u00ed aunque alguno lo haya hecho) y se marca un bolero a ritmo de chirigota. A todo esto, \u00bflo sabe la SGAE?<\/p>\n<p style=\"text-align: justify\">El bolero de referencia era &#8216;Somos novios&#8217; de Armando Manzanera y ellas lo transformaron en &#8216;Somos madres&#8217;. Hasta ah\u00ed, todo normal, amable y enmarcado en un contexto de campa\u00f1a donde se dicen y se cantan cosas inveros\u00edmiles.<\/p>\n<p style=\"text-align: justify\">El problema es que la letra parodiaba el papel de la mujer tal y como desliz\u00f3 Rajoy en el debate cuando dijo que \u00abcasi todas las mujeres llevan su casa\u00bb mientras las cantantes del otro d\u00eda aseguraban mantener su casa \u00ablimpia y pura\u00bb.<\/p>\n<p style=\"text-align: justify\">La letra evidencia una realidad, aunque nos pese, seg\u00fan la cual las mujeres dedican, al menos, dos horas m\u00e1s que los hombres a las tareas del hogar. Eso dicen los estudios publicados. Es doloroso pero cierto, pues muchas mujeres trabajadoras llevan su casa, su trabajo y sus ni\u00f1os. Justo es reconocerlo, aplaudirlo y afear a sus parejas una conducta que las lleva de cabeza al Lexatin.<\/p>\n<p style=\"text-align: justify\">Personalmente lo que me molest\u00f3 no es eso cuando Soraya acaba de ser madre, sino que presumieran de preferir un bolso de Vuitton a un achuch\u00f3n. No lo digo por mentar la soga en casa del ahorcado aunque flaco favor hacen escogiendo el ejemplo g\u00fcrteliano.<\/p>\n<p style=\"text-align: justify\">Me chirr\u00eda la frase porque todav\u00eda defiendo que hay achuchones que no tienen precio y para todo lo dem\u00e1s, se tira de tarjeta. Tambi\u00e9n para Vuitton.<\/p>\n<p style=\"text-align: justify\">Y le falt\u00f3 tiempo a Alarte para pedir rectificaciones. Dijo el l\u00edder socialista que \u00ablas mujeres tienen derecho a ser lo que quieran ser\u00bb. Sin duda. Por ejemplo, madres trabajadoras que tienen su casa limpia y pura. Y que no pueden ver, por cierto, a una mujer, sea o no madre, en La Moncloa. Ni en Blanquer\u00edas, G\u00e9nova o Ferraz. Siempre segundas: S\u00e1ez de Santamar\u00eda, Chac\u00f3n o Valenciano.<\/p>\n<!-- AddThis Advanced Settings generic via filter on the_content --><!-- AddThis Share Buttons generic via filter on the_content -->","protected":false},"excerpt":{"rendered":"<p>Cuando todos pens\u00e1bamos que el hit de la temporada electoral iba a ser \u00abAlfredo no te creo\u00bb aparece un coro de madres de Esclavas (del colegio, no es que las califique as\u00ed aunque alguno lo haya hecho) y se marca un bolero a ritmo de chirigota. A todo esto, \u00bflo sabe la SGAE? El bolero [&hellip;]<!-- AddThis Advanced Settings generic via filter on get_the_excerpt --><!-- AddThis Share Buttons generic via filter on get_the_excerpt --><\/p>\n","protected":false},"author":6,"featured_media":0,"comment_status":"open","ping_status":"closed","sticky":false,"template":"","format":"standard","meta":[],"categories":[4],"tags":[34,54,116,143],"_links":{"self":[{"href":"https:\/\/blogs.lasprovincias.es\/mariajosepou\/wp-json\/wp\/v2\/posts\/1995"}],"collection":[{"href":"https:\/\/blogs.lasprovincias.es\/mariajosepou\/wp-json\/wp\/v2\/posts"}],"about":[{"href":"https:\/\/blogs.lasprovincias.es\/mariajosepou\/wp-json\/wp\/v2\/types\/post"}],"author":[{"embeddable":true,"href":"https:\/\/blogs.lasprovincias.es\/mariajosepou\/wp-json\/wp\/v2\/users\/6"}],"replies":[{"embeddable":true,"href":"https:\/\/blogs.lasprovincias.es\/mariajosepou\/wp-json\/wp\/v2\/comments?post=1995"}],"version-history":[{"count":0,"href":"https:\/\/blogs.lasprovincias.es\/mariajosepou\/wp-json\/wp\/v2\/posts\/1995\/revisions"}],"wp:attachment":[{"href":"https:\/\/blogs.lasprovincias.es\/mariajosepou\/wp-json\/wp\/v2\/media?parent=1995"}],"wp:term":[{"taxonomy":"category","embeddable":true,"href":"https:\/\/blogs.lasprovincias.es\/mariajosepou\/wp-json\/wp\/v2\/categories?post=1995"},{"taxonomy":"post_tag","embeddable":true,"href":"https:\/\/blogs.lasprovincias.es\/mariajosepou\/wp-json\/wp\/v2\/tags?post=1995"}],"curies":[{"name":"wp","href":"https:\/\/api.w.org\/{rel}","templated":true}]}}