{"id":201,"date":"2010-06-04T14:23:13","date_gmt":"2010-06-04T14:23:13","guid":{"rendered":"http:\/\/firmas.lasprovincias.es\/mariajosepou\/?p=201"},"modified":"2010-06-04T14:23:13","modified_gmt":"2010-06-04T14:23:13","slug":"otra-vez-aparicio","status":"publish","type":"post","link":"https:\/\/blogs.lasprovincias.es\/mariajosepou\/2010\/06\/04\/otra-vez-aparicio\/","title":{"rendered":"Otra vez Aparicio"},"content":{"rendered":"<p style=\"text-align: justify\"><a href=\"\/mariajosepou\/wp-content\/uploads\/sites\/4\/2010\/06\/aparicio2.jpg\"><img loading=\"lazy\" class=\"alignleft size-medium wp-image-203\" src=\"\/mariajosepou\/wp-content\/uploads\/sites\/4\/2010\/06\/aparicio2.jpg\" alt=\"\" width=\"203\" height=\"270\" \/><\/a>La tele repite im\u00e1genes. A veces, por necesidad informativa y otras, por puro espect\u00e1culo. De \u00e9stas, cada vez hay m\u00e1s.  En las \u00faltimas 24 horas he visto dos ejemplos. El primero, hoy, con la salida del hospital de Julio Aparicio despu\u00e9s de la grave cornada que sufri\u00f3. Para decirlo, la televisi\u00f3n ha vuelto a pasar el horrible v\u00eddeo de un cuerno por la boca a la hora de comer. A Dios gracias me ha dado tiempo a empu\u00f1ar el mando y evitarlo. De lo contrario, mi dieta hoy hubiera sido de 0 calor\u00edas. Y de nuevo la pregunta \u00bfera necesario?<\/p>\n<p style=\"text-align: justify\">El segundo v\u00eddeo, en cambio, tiene otro cariz. Lo pasaron ayer y recog\u00eda im\u00e1genes del interior el Palacio presidencial de Hait\u00ed durante el terremoto. Pero sobre todo se ve\u00eda c\u00f3mo alg\u00fan guarda de seguridad intentaba huir y no pod\u00eda. El periodista terminaba la narraci\u00f3n diciendo que no sobreviveron. Y mi pregunta es: \u00bften\u00eda inter\u00e9s informativo o era puro morbo? Yo me inclino por lo segundo. \u00a0Y prueba de ello es que nadie aprovech\u00f3 el tir\u00f3n del v\u00eddeo para decir una sola palabra acerca de la situaci\u00f3n en Hait\u00ed. Eso s\u00ed hubiera tenido inter\u00e9s informativo.<\/p>\n<!-- AddThis Advanced Settings generic via filter on the_content --><!-- AddThis Share Buttons generic via filter on the_content -->","protected":false},"excerpt":{"rendered":"<p>La tele repite im\u00e1genes. A veces, por necesidad informativa y otras, por puro espect\u00e1culo. De \u00e9stas, cada vez hay m\u00e1s. En las \u00faltimas 24 horas he visto dos ejemplos. El primero, hoy, con la salida del hospital de Julio Aparicio despu\u00e9s de la grave cornada que sufri\u00f3. Para decirlo, la televisi\u00f3n ha vuelto a pasar [&hellip;]<!-- AddThis Advanced Settings generic via filter on get_the_excerpt --><!-- AddThis Share Buttons generic via filter on get_the_excerpt --><\/p>\n","protected":false},"author":6,"featured_media":0,"comment_status":"open","ping_status":"closed","sticky":false,"template":"","format":"standard","meta":[],"categories":[3],"tags":[],"_links":{"self":[{"href":"https:\/\/blogs.lasprovincias.es\/mariajosepou\/wp-json\/wp\/v2\/posts\/201"}],"collection":[{"href":"https:\/\/blogs.lasprovincias.es\/mariajosepou\/wp-json\/wp\/v2\/posts"}],"about":[{"href":"https:\/\/blogs.lasprovincias.es\/mariajosepou\/wp-json\/wp\/v2\/types\/post"}],"author":[{"embeddable":true,"href":"https:\/\/blogs.lasprovincias.es\/mariajosepou\/wp-json\/wp\/v2\/users\/6"}],"replies":[{"embeddable":true,"href":"https:\/\/blogs.lasprovincias.es\/mariajosepou\/wp-json\/wp\/v2\/comments?post=201"}],"version-history":[{"count":0,"href":"https:\/\/blogs.lasprovincias.es\/mariajosepou\/wp-json\/wp\/v2\/posts\/201\/revisions"}],"wp:attachment":[{"href":"https:\/\/blogs.lasprovincias.es\/mariajosepou\/wp-json\/wp\/v2\/media?parent=201"}],"wp:term":[{"taxonomy":"category","embeddable":true,"href":"https:\/\/blogs.lasprovincias.es\/mariajosepou\/wp-json\/wp\/v2\/categories?post=201"},{"taxonomy":"post_tag","embeddable":true,"href":"https:\/\/blogs.lasprovincias.es\/mariajosepou\/wp-json\/wp\/v2\/tags?post=201"}],"curies":[{"name":"wp","href":"https:\/\/api.w.org\/{rel}","templated":true}]}}