{"id":2011,"date":"2011-11-19T09:22:30","date_gmt":"2011-11-19T09:22:30","guid":{"rendered":"http:\/\/firmas.lasprovincias.es\/mariajosepou\/?p=2011"},"modified":"2011-11-19T09:22:30","modified_gmt":"2011-11-19T09:22:30","slug":"nostalgia-de-zp","status":"publish","type":"post","link":"https:\/\/blogs.lasprovincias.es\/mariajosepou\/2011\/11\/19\/nostalgia-de-zp\/","title":{"rendered":"Nostalgia de ZP"},"content":{"rendered":"<p style=\"text-align: justify\"><a href=\"\/mariajosepou\/wp-content\/uploads\/sites\/4\/2011\/11\/zapatero22.jpeg\"><img loading=\"lazy\" class=\"alignleft size-full wp-image-2012\" src=\"\/mariajosepou\/wp-content\/uploads\/sites\/4\/2011\/11\/zapatero22.jpeg\" alt=\"\" width=\"288\" height=\"288\" \/><\/a>Ya s\u00e9 que algunos no se lo creer\u00e1n cuando me lean pero he empezado a echar de menos a Zapatero. No es especial fervor, que nunca le tuve, ni admiraci\u00f3n por una estrella del firmamento que iba a crear galaxias nuevas junto a Obama y termin\u00f3 por producir agujeros negros en nuestros bolsillos. No lo quiero cerca pero tengo la ligera sospecha de que contra Zapatero viv\u00edamos mejor.<\/p>\n<p style=\"text-align: justify\">A ratos lo imagino, dentro de veinte a\u00f1os, acudiendo, como Felipe Gonz\u00e1lez a los m\u00edtines de los nuevos cachorros del socialismo patrio. Llegar\u00e1 all\u00ed y hablar\u00e1 de su Espa\u00f1a, la m\u00e1s avanzada. No creo que presuma de Champions de la econom\u00eda pero s\u00ed de que, con \u00e9l, nuestro pa\u00eds gan\u00f3 el Mundial, proporcion\u00f3 derechos a quienes no gozaban de ellos (sic) y transform\u00f3 un pa\u00eds lastrado por la derecha en un para\u00edso de la izquierda.<\/p>\n<p style=\"text-align: justify\">Quiz\u00e1s para entonces ya le veamos con otros ojos, algunos con cataratas, para tranquilidad de nuestro esp\u00edritu. Esa es, tal vez, la clave que explica por qu\u00e9 perdonamos con el tiempo y solo recordamos las virtudes de los presidentes pasados. Las cataratas tienen la culpa. Ya no vemos igual.<\/p>\n<p style=\"text-align: justify\">Ahora nadie lo recuerda ni piensa en \u00e9l. Hasta los suyos lo han querido apartado de la campa\u00f1a por miedo \u00bfa qu\u00e9? No deb\u00edan haberle dejado fuera. Si la previsi\u00f3n para ma\u00f1ana es un resultado nefasto y \u00e9l se va, han perdido la ocasi\u00f3n de convertirlo en cabeza de turco. Deb\u00edan haberle invitado m\u00e1s a los m\u00edtines. As\u00ed, siempre hubieran podido echarle la culpa del fracaso.<\/p>\n<p style=\"text-align: justify\">De otro modo, Rubalcaba tendr\u00e1 que llevar siempre esa pesada carga. Ser\u00e1 el candidato que perdi\u00f3 frente a Rajoy. Siempre lo ser\u00e1 aunque diga que Rajoy solo consigui\u00f3 ganarle por la prima, como afirm\u00f3 ayer.<\/p>\n<p style=\"text-align: justify\">Adem\u00e1s, en breve asistiremos a la elaboraci\u00f3n de un discurso de disculpa al defender que el PSOE perdi\u00f3 como cualquier gobierno que gestiona la crisis. Aunque quien lo diga -Rubalcaba- se haya pasado la campa\u00f1a desmarc\u00e1ndose de \u00e9l.<\/p>\n<!-- AddThis Advanced Settings generic via filter on the_content --><!-- AddThis Share Buttons generic via filter on the_content -->","protected":false},"excerpt":{"rendered":"<p>Ya s\u00e9 que algunos no se lo creer\u00e1n cuando me lean pero he empezado a echar de menos a Zapatero. No es especial fervor, que nunca le tuve, ni admiraci\u00f3n por una estrella del firmamento que iba a crear galaxias nuevas junto a Obama y termin\u00f3 por producir agujeros negros en nuestros bolsillos. No lo [&hellip;]<!-- AddThis Advanced Settings generic via filter on get_the_excerpt --><!-- AddThis Share Buttons generic via filter on get_the_excerpt --><\/p>\n","protected":false},"author":6,"featured_media":0,"comment_status":"open","ping_status":"closed","sticky":false,"template":"","format":"standard","meta":[],"categories":[4],"tags":[34,54,154,187],"_links":{"self":[{"href":"https:\/\/blogs.lasprovincias.es\/mariajosepou\/wp-json\/wp\/v2\/posts\/2011"}],"collection":[{"href":"https:\/\/blogs.lasprovincias.es\/mariajosepou\/wp-json\/wp\/v2\/posts"}],"about":[{"href":"https:\/\/blogs.lasprovincias.es\/mariajosepou\/wp-json\/wp\/v2\/types\/post"}],"author":[{"embeddable":true,"href":"https:\/\/blogs.lasprovincias.es\/mariajosepou\/wp-json\/wp\/v2\/users\/6"}],"replies":[{"embeddable":true,"href":"https:\/\/blogs.lasprovincias.es\/mariajosepou\/wp-json\/wp\/v2\/comments?post=2011"}],"version-history":[{"count":0,"href":"https:\/\/blogs.lasprovincias.es\/mariajosepou\/wp-json\/wp\/v2\/posts\/2011\/revisions"}],"wp:attachment":[{"href":"https:\/\/blogs.lasprovincias.es\/mariajosepou\/wp-json\/wp\/v2\/media?parent=2011"}],"wp:term":[{"taxonomy":"category","embeddable":true,"href":"https:\/\/blogs.lasprovincias.es\/mariajosepou\/wp-json\/wp\/v2\/categories?post=2011"},{"taxonomy":"post_tag","embeddable":true,"href":"https:\/\/blogs.lasprovincias.es\/mariajosepou\/wp-json\/wp\/v2\/tags?post=2011"}],"curies":[{"name":"wp","href":"https:\/\/api.w.org\/{rel}","templated":true}]}}