{"id":205,"date":"2010-06-05T14:06:23","date_gmt":"2010-06-05T14:06:23","guid":{"rendered":"http:\/\/firmas.lasprovincias.es\/mariajosepou\/?p=205"},"modified":"2010-06-05T14:06:23","modified_gmt":"2010-06-05T14:06:23","slug":"el-culo-blanco","status":"publish","type":"post","link":"https:\/\/blogs.lasprovincias.es\/mariajosepou\/2010\/06\/05\/el-culo-blanco\/","title":{"rendered":"El culo blanco"},"content":{"rendered":"<p style=\"text-align: justify\"><a href=\"\/mariajosepou\/wp-content\/uploads\/sites\/4\/2010\/06\/tomar-sol.jpg\"><img loading=\"lazy\" class=\"alignleft size-medium wp-image-206\" src=\"\/mariajosepou\/wp-content\/uploads\/sites\/4\/2010\/06\/tomar-sol.jpg\" alt=\"\" width=\"300\" height=\"200\" srcset=\"https:\/\/static-blogs.lasprovincias.es\/wp-content\/uploads\/sites\/4\/2010\/06\/tomar-sol.jpg 600w, https:\/\/static-blogs.lasprovincias.es\/wp-content\/uploads\/sites\/4\/2010\/06\/tomar-sol-300x200.jpg 300w\" sizes=\"(max-width: 300px) 100vw, 300px\" \/><\/a>Disculpen ustedes el titular. Hab\u00eda que ponerlo. Si la noticia es <a href=\"http:\/\/www.lasprovincias.es\/v\/20100604\/gente\/adios-culo-blanco-20100604.html\" target=\"_blank\" rel=\"external nofollow\">un ba\u00f1ador que broncea<\/a> evitando la diferencia de tonalidad entre la innoble parte de atr\u00e1s y el resto de la piel, parec\u00eda inevitable hacer referencia a \u00e9l en todo su esplendor l\u00e9xico: el culo.<\/p>\n<p style=\"text-align: justify\">Tambi\u00e9n he de reconocer que desde que alcanc\u00e9 los 40 noto que mi vista se cansa pero mis remilgos se diluyen, esto es, que si el trasero se llama culo, culo hemos de llamarle, amigo Sancho. (N\u00f3tese que he dicho &#8216;alcanc\u00e9&#8217; porque a ciertas edades el verbo &#8216;cumplir&#8217; resulta un tanto ingenuo y falto de contenido).<\/p>\n<p style=\"text-align: justify\">La verdad es que esperaba que el tema fuera abordado por otros compa\u00f1eros de &#8216;columneo&#8217; m\u00e1s dados a comentar estas cosas, a disponer con descaro y sin pudores del campo sem\u00e1ntico de los cuartos traseros y a evaluar en p\u00fablico medidas, proporciones y texturas que una, en su recato, no suele traer a estas p\u00e1ginas.<\/p>\n<p style=\"text-align: justify\">Sin embargo, como veo que tanto Pajuelo como Palomar se resisten a pesar de la apelaci\u00f3n &#8216;hembra m\u00eda&#8217; hacia Bibiana, del primero y las siestas post-rubias del chafl\u00e1n, del segundo, abrir\u00e9 yo el fin de semana con algo l\u00fadico para acompa\u00f1ar las chanzas del chiringuito que hoy, m\u00e1s que nunca, debe convertirse en espacio de cachondeo y jolgorio. Por si es el \u00faltimo.<\/p>\n<p style=\"text-align: justify\">Entiendo que ese ba\u00f1ador es un gran invento pues un culo, salvo excepciones, suele tender m\u00e1s a la fealdad que a la belleza. Quiz\u00e1s es porque o una se mata a sentadillas y ensaladillas de lechuga a la esencia de la nada o lo m\u00e1s seguro es que termine por ser celul\u00edtico, granul\u00edtico y descolgado lo que unido a una cierta tonalidad cadav\u00e9rica proporciona el mejor ant\u00eddoto contra el sexto mandamiento. Y un insulto hacia la Creaci\u00f3n entera.<\/p>\n<p style=\"text-align: justify\">Sin embargo, reconozco que la marca del moreno playero tiene su aquel. Es una frontera que, de descubrirse improvisadamente, anuncia un territorio inexplorado y apetecible. Es la cl\u00e1sica diferencia entre mostrar y sugerir. Siempre he pensado que esto \u00faltimo es m\u00e1s excitante y a ello contribuye el contraste de bronceados. Promete, evoca y anuncia un sancta santorum por desvelar.<\/p>\n<!-- AddThis Advanced Settings generic via filter on the_content --><!-- AddThis Share Buttons generic via filter on the_content -->","protected":false},"excerpt":{"rendered":"<p>Disculpen ustedes el titular. Hab\u00eda que ponerlo. Si la noticia es un ba\u00f1ador que broncea evitando la diferencia de tonalidad entre la innoble parte de atr\u00e1s y el resto de la piel, parec\u00eda inevitable hacer referencia a \u00e9l en todo su esplendor l\u00e9xico: el culo. Tambi\u00e9n he de reconocer que desde que alcanc\u00e9 los 40 [&hellip;]<!-- AddThis Advanced Settings generic via filter on get_the_excerpt --><!-- AddThis Share Buttons generic via filter on get_the_excerpt --><\/p>\n","protected":false},"author":6,"featured_media":0,"comment_status":"open","ping_status":"closed","sticky":false,"template":"","format":"standard","meta":[],"categories":[4],"tags":[],"_links":{"self":[{"href":"https:\/\/blogs.lasprovincias.es\/mariajosepou\/wp-json\/wp\/v2\/posts\/205"}],"collection":[{"href":"https:\/\/blogs.lasprovincias.es\/mariajosepou\/wp-json\/wp\/v2\/posts"}],"about":[{"href":"https:\/\/blogs.lasprovincias.es\/mariajosepou\/wp-json\/wp\/v2\/types\/post"}],"author":[{"embeddable":true,"href":"https:\/\/blogs.lasprovincias.es\/mariajosepou\/wp-json\/wp\/v2\/users\/6"}],"replies":[{"embeddable":true,"href":"https:\/\/blogs.lasprovincias.es\/mariajosepou\/wp-json\/wp\/v2\/comments?post=205"}],"version-history":[{"count":0,"href":"https:\/\/blogs.lasprovincias.es\/mariajosepou\/wp-json\/wp\/v2\/posts\/205\/revisions"}],"wp:attachment":[{"href":"https:\/\/blogs.lasprovincias.es\/mariajosepou\/wp-json\/wp\/v2\/media?parent=205"}],"wp:term":[{"taxonomy":"category","embeddable":true,"href":"https:\/\/blogs.lasprovincias.es\/mariajosepou\/wp-json\/wp\/v2\/categories?post=205"},{"taxonomy":"post_tag","embeddable":true,"href":"https:\/\/blogs.lasprovincias.es\/mariajosepou\/wp-json\/wp\/v2\/tags?post=205"}],"curies":[{"name":"wp","href":"https:\/\/api.w.org\/{rel}","templated":true}]}}