{"id":2154,"date":"2010-09-22T06:37:46","date_gmt":"2010-09-22T06:37:46","guid":{"rendered":"http:\/\/firmas.lasprovincias.es\/mariajosepou\/?p=499"},"modified":"2010-09-22T06:37:46","modified_gmt":"2010-09-22T06:37:46","slug":"el-reparto-de-beneficios-2","status":"publish","type":"post","link":"https:\/\/blogs.lasprovincias.es\/mariajosepou\/2010\/09\/22\/el-reparto-de-beneficios-2\/","title":{"rendered":"El reparto de beneficios"},"content":{"rendered":"<p style=\"text-align: justify\"><a href=\"\/mariajosepou\/wp-content\/uploads\/sites\/4\/2010\/09\/compania-aerea1.jpg\"><img loading=\"lazy\" class=\"alignleft size-medium wp-image-500\" src=\"\/mariajosepou\/wp-content\/uploads\/sites\/4\/2010\/09\/compania-aerea1.jpg\" alt=\"\" width=\"300\" height=\"199\" srcset=\"https:\/\/static-blogs.lasprovincias.es\/wp-content\/uploads\/sites\/4\/2010\/09\/compania-aerea1.jpg 500w, https:\/\/static-blogs.lasprovincias.es\/wp-content\/uploads\/sites\/4\/2010\/09\/compania-aerea1-300x200.jpg 300w\" sizes=\"(max-width: 300px) 100vw, 300px\" \/><\/a>Sube la luz y nos fr\u00eden a impuestos. No es nuevo pero es una evidencia m\u00e1s de que esta crisis no las est\u00e1n pagando quienes la provocaron, la consintieron o se est\u00e1n beneficiando de ella.<\/p>\n<p style=\"text-align: justify\">\u00c9sos no son solo los &#8216;ricos&#8217; de los que habla cierta izquierda alimentada por la convicci\u00f3n de que la lucha de clases est\u00e1 en su batalla final. Tampoco la van a arreglar ellos tal y como ya se ha admitido p\u00fablicamente despu\u00e9s de habernos pasado meses y meses escuchando el discurso de \u00abque pague quien m\u00e1s tiene\u00bb. \u00c9se nunca paga m\u00e1s.<\/p>\n<p style=\"text-align: justify\">Culpables son tambi\u00e9n los pol\u00edticos que est\u00e1n ahora y estaban antes y que no movieron un dedo para parar una din\u00e1mica que nos ha llevado al desastre: el endeudamiento brutal de familias y administraciones. Son los bancos, las entidades financieras y las cajas de ahorro que regalaban el dinero sin medir el alcance de su morosidad. Las mismas que ahora advierten de la necesidad de subir los impuestos.<\/p>\n<p style=\"text-align: justify\">Sin embargo, junto al dato que pende cual guada\u00f1a sobre nuestros bolsillos, conocemos las cifras de beneficios de los bancos o las previsiones en las aerol\u00edneas que la IATA ofreci\u00f3 ayer.<\/p>\n<p style=\"text-align: justify\">Al final, los \u00fanicos que no obtenemos un incremento en los beneficios somos los ciudadanos. De los bancos o de las aerol\u00edneas nadie dice que \u00abtienen dificultades para llegar a fin de mes\u00bb porque, si es as\u00ed, la reforma laboral reci\u00e9n aprobada les animar\u00e1 a deshacerse de lastre, esto es, a despedir a los trabajadores. Aunque el motivo haya sido una mala gesti\u00f3n y el despilfarro de sus directivos.<\/p>\n<p style=\"text-align: justify\">En cambio los ciudadanos no podemos deshacernos de los par\u00e1sitos y chup\u00f3pteros, como las compa\u00f1\u00edas el\u00e9ctricas, los bancos y las aerol\u00edneas, para conseguir obtener beneficios. Nos conformamos con llegar a fin de mes sin deudas.<\/p>\n<p style=\"text-align: justify\">Lo m\u00e1s sangrante es, adem\u00e1s, la conciencia de estar pagando deudas ajenas como el d\u00e9ficit de las el\u00e9ctricas, ayudas a los bancos y tasas en los billetes de avi\u00f3n para compensar la subida del petr\u00f3leo y saber que, llegados los beneficios, no habr\u00e1 reparto entre todos.<\/p>\n<!-- AddThis Advanced Settings generic via filter on the_content --><!-- AddThis Share Buttons generic via filter on the_content -->","protected":false},"excerpt":{"rendered":"<p>Sube la luz y nos fr\u00eden a impuestos. No es nuevo pero es una evidencia m\u00e1s de que esta crisis no las est\u00e1n pagando quienes la provocaron, la consintieron o se est\u00e1n beneficiando de ella. \u00c9sos no son solo los &#8216;ricos&#8217; de los que habla cierta izquierda alimentada por la convicci\u00f3n de que la lucha [&hellip;]<!-- AddThis Advanced Settings generic via filter on get_the_excerpt --><!-- AddThis Share Buttons generic via filter on get_the_excerpt --><\/p>\n","protected":false},"author":6,"featured_media":0,"comment_status":"open","ping_status":"closed","sticky":false,"template":"","format":"standard","meta":[],"categories":[4],"tags":[65,134],"_links":{"self":[{"href":"https:\/\/blogs.lasprovincias.es\/mariajosepou\/wp-json\/wp\/v2\/posts\/2154"}],"collection":[{"href":"https:\/\/blogs.lasprovincias.es\/mariajosepou\/wp-json\/wp\/v2\/posts"}],"about":[{"href":"https:\/\/blogs.lasprovincias.es\/mariajosepou\/wp-json\/wp\/v2\/types\/post"}],"author":[{"embeddable":true,"href":"https:\/\/blogs.lasprovincias.es\/mariajosepou\/wp-json\/wp\/v2\/users\/6"}],"replies":[{"embeddable":true,"href":"https:\/\/blogs.lasprovincias.es\/mariajosepou\/wp-json\/wp\/v2\/comments?post=2154"}],"version-history":[{"count":0,"href":"https:\/\/blogs.lasprovincias.es\/mariajosepou\/wp-json\/wp\/v2\/posts\/2154\/revisions"}],"wp:attachment":[{"href":"https:\/\/blogs.lasprovincias.es\/mariajosepou\/wp-json\/wp\/v2\/media?parent=2154"}],"wp:term":[{"taxonomy":"category","embeddable":true,"href":"https:\/\/blogs.lasprovincias.es\/mariajosepou\/wp-json\/wp\/v2\/categories?post=2154"},{"taxonomy":"post_tag","embeddable":true,"href":"https:\/\/blogs.lasprovincias.es\/mariajosepou\/wp-json\/wp\/v2\/tags?post=2154"}],"curies":[{"name":"wp","href":"https:\/\/api.w.org\/{rel}","templated":true}]}}