{"id":219,"date":"2010-06-08T07:17:08","date_gmt":"2010-06-08T07:17:08","guid":{"rendered":"http:\/\/firmas.lasprovincias.es\/mariajosepou\/?p=219"},"modified":"2010-06-08T07:17:08","modified_gmt":"2010-06-08T07:17:08","slug":"la-prima-de-zp","status":"publish","type":"post","link":"https:\/\/blogs.lasprovincias.es\/mariajosepou\/2010\/06\/08\/la-prima-de-zp\/","title":{"rendered":"La prima de ZP"},"content":{"rendered":"<p style=\"text-align: justify\"><a href=\"\/mariajosepou\/wp-content\/uploads\/sites\/4\/2010\/06\/senor_Roja_mejor.jpg\"><img loading=\"lazy\" class=\"alignleft size-thumbnail wp-image-220\" src=\"\/mariajosepou\/wp-content\/uploads\/sites\/4\/2010\/06\/senor_Roja_mejor.jpg\" alt=\"\" width=\"150\" height=\"150\" srcset=\"https:\/\/static-blogs.lasprovincias.es\/wp-content\/uploads\/sites\/4\/2010\/06\/senor_Roja_mejor.jpg 280w, https:\/\/static-blogs.lasprovincias.es\/wp-content\/uploads\/sites\/4\/2010\/06\/senor_Roja_mejor-150x150.jpg 150w\" sizes=\"(max-width: 150px) 100vw, 150px\" \/><\/a>Si Rajoy presumi\u00f3 de primo en el debate sobre el cambio clim\u00e1tico, Zapatero deber\u00eda hacerlo de prima en plena crisis.<\/p>\n<p style=\"text-align: justify\">No estoy pensando en una sobrina de sus padres de apellido Rodr\u00edguez o en la hija de Faustino, el del pueblo, que es un poco ligerita de cascos y viene a la capital, con el t\u00edo Pepeluis para que la meta en vereda.<\/p>\n<p style=\"text-align: justify\">Tampoco pienso en la hija de un pariente lejano que se dedique, por dar la r\u00e9plica al medioambientalista familiar de Rajoy, al activismo ecol\u00f3gico. Me refiero a la prima que deber\u00edamos ofrecerle a ZP si nos saca de la crisis.<\/p>\n<p style=\"text-align: justify\">Ya s\u00e9 que me dir\u00e1n que \u00e9sa es su obligaci\u00f3n, sobre todo cuando nos ha metido en ella o al menos nos ha visto al fondo y no ha alargado la mano para sacarnos del agujero. Pero tambi\u00e9n lo es de un futbolista jugar lo mejor posible para ganar y sin embargo se le ofrece una prima para motivarle.<\/p>\n<p style=\"text-align: justify\">En estos d\u00edas, lo m\u00e1s f\u00e1cil es criticar a los futbolistas de la Selecci\u00f3n a cuenta de las suculentas primas que les han prometido si Espa\u00f1a gana el Mundial de Sud\u00e1frica. Eso es lo convencional y primario pero yo propongo dar un paso m\u00e1s all\u00e1 e introducir claves de \u00e9xito deportivo en la carrera del ministro de Deportes.<\/p>\n<p style=\"text-align: justify\">Si a un futbolista, que gana un dineral, le motiva la prima (econ\u00f3mica, se entiende), \u00bfc\u00f3mo no va a motivar a Zapatero que gana algo menos? Todos damos por hecho que un miembro del equipo nacional deber\u00eda esforzarse por &#8216;la Roja&#8217;, por Espa\u00f1a, por sentimiento patrio. Si as\u00ed fuera no deber\u00edan tener una prima extra al jugar un Mundial. El incentivo va impl\u00edcito en la invitaci\u00f3n pues qu\u00e9 puede haber m\u00e1s emotivo para un futbolista que representar a su pa\u00eds en el campeonato m\u00e1ximo. Al parecer, la prima. Siempre la prima.<\/p>\n<p style=\"text-align: justify\">Por eso deber\u00edamos hacerlo extensivo a ZP. Si Espa\u00f1a no le motiva lo suficiente; si su sueldo y poltrona habitual, tampoco, habr\u00e1 que buscar una raz\u00f3n m\u00e1s poderosa: una prima. Pero, como en el Mundial, si no llega a cuartos, ajo y agua.<\/p>\n<!-- AddThis Advanced Settings generic via filter on the_content --><!-- AddThis Share Buttons generic via filter on the_content -->","protected":false},"excerpt":{"rendered":"<p>Si Rajoy presumi\u00f3 de primo en el debate sobre el cambio clim\u00e1tico, Zapatero deber\u00eda hacerlo de prima en plena crisis. No estoy pensando en una sobrina de sus padres de apellido Rodr\u00edguez o en la hija de Faustino, el del pueblo, que es un poco ligerita de cascos y viene a la capital, con el [&hellip;]<!-- AddThis Advanced Settings generic via filter on get_the_excerpt --><!-- AddThis Share Buttons generic via filter on get_the_excerpt --><\/p>\n","protected":false},"author":6,"featured_media":0,"comment_status":"open","ping_status":"closed","sticky":false,"template":"","format":"standard","meta":[],"categories":[4],"tags":[187],"_links":{"self":[{"href":"https:\/\/blogs.lasprovincias.es\/mariajosepou\/wp-json\/wp\/v2\/posts\/219"}],"collection":[{"href":"https:\/\/blogs.lasprovincias.es\/mariajosepou\/wp-json\/wp\/v2\/posts"}],"about":[{"href":"https:\/\/blogs.lasprovincias.es\/mariajosepou\/wp-json\/wp\/v2\/types\/post"}],"author":[{"embeddable":true,"href":"https:\/\/blogs.lasprovincias.es\/mariajosepou\/wp-json\/wp\/v2\/users\/6"}],"replies":[{"embeddable":true,"href":"https:\/\/blogs.lasprovincias.es\/mariajosepou\/wp-json\/wp\/v2\/comments?post=219"}],"version-history":[{"count":0,"href":"https:\/\/blogs.lasprovincias.es\/mariajosepou\/wp-json\/wp\/v2\/posts\/219\/revisions"}],"wp:attachment":[{"href":"https:\/\/blogs.lasprovincias.es\/mariajosepou\/wp-json\/wp\/v2\/media?parent=219"}],"wp:term":[{"taxonomy":"category","embeddable":true,"href":"https:\/\/blogs.lasprovincias.es\/mariajosepou\/wp-json\/wp\/v2\/categories?post=219"},{"taxonomy":"post_tag","embeddable":true,"href":"https:\/\/blogs.lasprovincias.es\/mariajosepou\/wp-json\/wp\/v2\/tags?post=219"}],"curies":[{"name":"wp","href":"https:\/\/api.w.org\/{rel}","templated":true}]}}