{"id":222,"date":"2010-06-08T07:20:50","date_gmt":"2010-06-08T07:20:50","guid":{"rendered":"http:\/\/firmas.lasprovincias.es\/mariajosepou\/?p=222"},"modified":"2010-06-08T07:20:50","modified_gmt":"2010-06-08T07:20:50","slug":"por-fin-huelga","status":"publish","type":"post","link":"https:\/\/blogs.lasprovincias.es\/mariajosepou\/2010\/06\/08\/por-fin-huelga\/","title":{"rendered":"\u00bfPor fin huelga?"},"content":{"rendered":"<p style=\"text-align: justify\"><a href=\"\/mariajosepou\/wp-content\/uploads\/sites\/4\/2010\/06\/huelga-wga.jpg\"><img loading=\"lazy\" class=\"alignleft size-thumbnail wp-image-223\" src=\"\/mariajosepou\/wp-content\/uploads\/sites\/4\/2010\/06\/huelga-wga.jpg\" alt=\"\" width=\"150\" height=\"150\" \/><\/a>\u00bfEs peor un recorte de sueldo o la p\u00e9rdida del empleo? Ya s\u00e9 que la pregunta suena ret\u00f3rica o a demagogia pero no puedo evitar hac\u00e9rmela cuando en la calle los funcionarios salen a protestar por los recortes.<\/p>\n<p style=\"text-align: justify\">No me quejo de ellos. Tienen todo el derecho a lamentar que su bajada salarial es la medida m\u00e1s f\u00e1cil para el gobierno y ha abusado de esa facilidad. Tambi\u00e9n a advertir que llevan tiempo sufriendo reducciones de su poder adquisitivo, que algunos cobran 1000 \u00f3 1200 euros y que todo ello puede repercutir en un peor servicio p\u00fablico.<\/p>\n<p style=\"text-align: justify\">En todo eso tienen raz\u00f3n y es l\u00f3gico que se quejen. El problema es que su situaci\u00f3n es la que viven desde hace a\u00f1os muchos espa\u00f1oles sin la seguridad de una entrada fija de sueldo cada mes.<\/p>\n<p style=\"text-align: justify\">Para los funcionarios es duro ver c\u00f3mo su empleador, que es el Estado, intenta pagar con ellos las dificultades por las que pasa su empresa. Sin embargo eso es lo que estamos sufriendo los empleados del sector privado desde hace tiempo con la presi\u00f3n a\u00f1adida de ser despedido en cualquier momento. Aun con todo, no culpo a los funcionarios. No es momento de culparnos los trabajadores entre nosotros, paganos de esta crisis, mientras vemos c\u00f3mo los especuladores siguen ganando sobre nuestras cenizas.<\/p>\n<p style=\"text-align: justify\">La incoherencia que quiero poner de manifiesto con la pregunta inicial es la de los sindicatos, no la de los trabajadores que, razonablemente, defienden su situaci\u00f3n.<\/p>\n<p style=\"text-align: justify\">Lo que no me resulta f\u00e1cil de entender es por qu\u00e9 ahora amenazan con la huelga general diciendo que la de hoy es un ensayo cuando llevamos a\u00f1os de p\u00e9rdida constante de puestos de trabajo y no han dicho nada. \u00bfEs m\u00e1s grave perder poder adquisitivo que perder el trabajo?<\/p>\n<p style=\"text-align: justify\">Otra opci\u00f3n, como han planteado en Alemania, es la posibilidad de que el empleador Estado se comporte como cualquier otro y despida a sus trabajadores.<\/p>\n<p style=\"text-align: justify\">Ahora bien, deber\u00edan empezar por quienes no son necesarios ni se han ganado una oposici\u00f3n como han hecho los funcionarios: asesores y chup\u00f3pteros de toda cala\u00f1a y condici\u00f3n. Es decir, quienes no sirven sino se sirven del dinero p\u00fablico.<\/p>\n<!-- AddThis Advanced Settings generic via filter on the_content --><!-- AddThis Share Buttons generic via filter on the_content -->","protected":false},"excerpt":{"rendered":"<p>\u00bfEs peor un recorte de sueldo o la p\u00e9rdida del empleo? Ya s\u00e9 que la pregunta suena ret\u00f3rica o a demagogia pero no puedo evitar hac\u00e9rmela cuando en la calle los funcionarios salen a protestar por los recortes. No me quejo de ellos. Tienen todo el derecho a lamentar que su bajada salarial es la [&hellip;]<!-- AddThis Advanced Settings generic via filter on get_the_excerpt --><!-- AddThis Share Buttons generic via filter on get_the_excerpt --><\/p>\n","protected":false},"author":6,"featured_media":0,"comment_status":"open","ping_status":"closed","sticky":false,"template":"","format":"standard","meta":[],"categories":[4],"tags":[65,159,171],"_links":{"self":[{"href":"https:\/\/blogs.lasprovincias.es\/mariajosepou\/wp-json\/wp\/v2\/posts\/222"}],"collection":[{"href":"https:\/\/blogs.lasprovincias.es\/mariajosepou\/wp-json\/wp\/v2\/posts"}],"about":[{"href":"https:\/\/blogs.lasprovincias.es\/mariajosepou\/wp-json\/wp\/v2\/types\/post"}],"author":[{"embeddable":true,"href":"https:\/\/blogs.lasprovincias.es\/mariajosepou\/wp-json\/wp\/v2\/users\/6"}],"replies":[{"embeddable":true,"href":"https:\/\/blogs.lasprovincias.es\/mariajosepou\/wp-json\/wp\/v2\/comments?post=222"}],"version-history":[{"count":0,"href":"https:\/\/blogs.lasprovincias.es\/mariajosepou\/wp-json\/wp\/v2\/posts\/222\/revisions"}],"wp:attachment":[{"href":"https:\/\/blogs.lasprovincias.es\/mariajosepou\/wp-json\/wp\/v2\/media?parent=222"}],"wp:term":[{"taxonomy":"category","embeddable":true,"href":"https:\/\/blogs.lasprovincias.es\/mariajosepou\/wp-json\/wp\/v2\/categories?post=222"},{"taxonomy":"post_tag","embeddable":true,"href":"https:\/\/blogs.lasprovincias.es\/mariajosepou\/wp-json\/wp\/v2\/tags?post=222"}],"curies":[{"name":"wp","href":"https:\/\/api.w.org\/{rel}","templated":true}]}}