{"id":225,"date":"2010-06-09T07:27:11","date_gmt":"2010-06-09T07:27:11","guid":{"rendered":"http:\/\/firmas.lasprovincias.es\/mariajosepou\/?p=225"},"modified":"2010-06-09T07:27:11","modified_gmt":"2010-06-09T07:27:11","slug":"orgullo-y-prejuicio","status":"publish","type":"post","link":"https:\/\/blogs.lasprovincias.es\/mariajosepou\/2010\/06\/09\/orgullo-y-prejuicio\/","title":{"rendered":"Orgullo y prejuicio"},"content":{"rendered":"<p style=\"text-align: justify\"><a href=\"\/mariajosepou\/wp-content\/uploads\/sites\/4\/2010\/06\/dia_orgullo_gay.jpg\"><img loading=\"lazy\" class=\"alignleft size-thumbnail wp-image-226\" src=\"\/mariajosepou\/wp-content\/uploads\/sites\/4\/2010\/06\/dia_orgullo_gay.jpg\" alt=\"\" width=\"150\" height=\"150\" \/><\/a>En estos tiempos de laicidad extrema, se exige neutralidad religiosa pero no pol\u00edtica. Son d\u00edas en los que se impone la no adscripci\u00f3n a una fe, excepto que sea una fe pol\u00edtica. No se puede creer en Dios pero s\u00ed en un programa ideol\u00f3gico pol\u00edticamente correcto.<\/p>\n<p style=\"text-align: justify\">La semana pasada vivimos la pol\u00e9mica por los honores militares del Corpus. La decisi\u00f3n ministerial se basaba en que el Ej\u00e9rcito no puede presentarse como una entidad con preferencia religiosa. Si los \u00e1ngeles son asexuados, los militares son aconfesionales. O, al menos, el Ej\u00e9rcito como tal.<\/p>\n<p style=\"text-align: justify\">No me parece mal. Innecesaria e inoportuna la cirug\u00eda y la extirpaci\u00f3n de lo religioso por decreto en un pa\u00eds de larga tradici\u00f3n, pero razonable en una visi\u00f3n pol\u00edtica de renuncia a lo religioso en el \u00e1mbito p\u00fablico.<\/p>\n<p style=\"text-align: justify\">Esta semana, sin embargo, me llama la atenci\u00f3n la actitud de la Federaci\u00f3n de Gays y Lesbianas que <a href=\"http:\/\/www.lasprovincias.es\/prensa\/20100609\/mundo\/veto-carroza-israel-desfile-20100609.html\" target=\"_blank\" rel=\"external nofollow\">ha prohibido a la carroza israel\u00ed participar <\/a>en la marcha del Orgullo. Lo hace, dice, porque el Ayuntamiento de Tel Aviv no ha condenado el ataque a la &#8216;Flotilla de la libertad&#8217;.<\/p>\n<p style=\"text-align: justify\">Y no puedo sino preguntarme \u00bfqu\u00e9 relaci\u00f3n tiene la defensa del orgullo gay con la censura a la pol\u00edtica de Israel?<\/p>\n<p style=\"text-align: justify\">Si estuvi\u00e9ramos hablando de una decisi\u00f3n de Israel lesiva contra los derechos de los homosexuales, parecer\u00eda l\u00f3gico el boicot en una marcha que los reivindica. Pero no es eso. Es mezclar el tocino con la velocidad.<\/p>\n<p style=\"text-align: justify\">Es puro prejuicio anti-israel\u00ed y una demostraci\u00f3n de que se exige ausencia de adscripci\u00f3n religiosa en la vida p\u00fablica pero no de adscripci\u00f3n pol\u00edtica. Eso, am\u00e9n de lo que la decisi\u00f3n acarrea de doble discriminaci\u00f3n hacia los gays israel\u00edes en el mundo: por su condici\u00f3n sexual y por su nacionalidad. Incluso aunque no est\u00e9n de acuerdo con la pol\u00edtica de Netanyahu.<\/p>\n<p style=\"text-align: justify\">Porque \u00e9sa es la cuesti\u00f3n. Confundir un gobierno con sus ciudadanos tal y como hizo Zapatero permaneciendo sentado al paso de la bandera norteamericana.<\/p>\n<p style=\"text-align: justify\">El problema para los gays israel\u00edes que no pueden participar en la marcha del Orgullo es que son discriminados por ser israel\u00edes en una marcha que reivindica la libertad de ser.<\/p>\n<p style=\"text-align: justify\"><strong>Actualizaci\u00f3n:<\/strong><\/p>\n<p style=\"text-align: justify\">Incluyo foto y enlace a la informaci\u00f3n del <a href=\"http:\/\/www.elmundo.es\/elmundo\/2010\/06\/11\/internacional\/1276261109.html\" target=\"_blank\" rel=\"external nofollow\">Orgullo en Tel Aviv <\/a>por la coincidencia de enfoque. Coincidencia con gays, no con hom\u00f3fobos\u00a0recalcitrantes&#8230;<\/p>\n<p style=\"text-align: justify\"><a href=\"\/mariajosepou\/wp-content\/uploads\/sites\/4\/2010\/06\/1276261109_extras_portada_21.jpg\"><img loading=\"lazy\" class=\"alignleft size-medium wp-image-236\" src=\"\/mariajosepou\/wp-content\/uploads\/sites\/4\/2010\/06\/1276261109_extras_portada_21.jpg\" alt=\"\" width=\"300\" height=\"116\" srcset=\"https:\/\/static-blogs.lasprovincias.es\/wp-content\/uploads\/sites\/4\/2010\/06\/1276261109_extras_portada_21.jpg 390w, https:\/\/static-blogs.lasprovincias.es\/wp-content\/uploads\/sites\/4\/2010\/06\/1276261109_extras_portada_21-300x117.jpg 300w\" sizes=\"(max-width: 300px) 100vw, 300px\" \/><\/a><\/p>\n<!-- AddThis Advanced Settings generic via filter on the_content --><!-- AddThis Share Buttons generic via filter on the_content -->","protected":false},"excerpt":{"rendered":"<p>En estos tiempos de laicidad extrema, se exige neutralidad religiosa pero no pol\u00edtica. Son d\u00edas en los que se impone la no adscripci\u00f3n a una fe, excepto que sea una fe pol\u00edtica. No se puede creer en Dios pero s\u00ed en un programa ideol\u00f3gico pol\u00edticamente correcto. La semana pasada vivimos la pol\u00e9mica por los honores [&hellip;]<!-- AddThis Advanced Settings generic via filter on get_the_excerpt --><!-- AddThis Share Buttons generic via filter on get_the_excerpt --><\/p>\n","protected":false},"author":6,"featured_media":0,"comment_status":"open","ping_status":"closed","sticky":false,"template":"","format":"standard","meta":[],"categories":[4],"tags":[98,148,149],"_links":{"self":[{"href":"https:\/\/blogs.lasprovincias.es\/mariajosepou\/wp-json\/wp\/v2\/posts\/225"}],"collection":[{"href":"https:\/\/blogs.lasprovincias.es\/mariajosepou\/wp-json\/wp\/v2\/posts"}],"about":[{"href":"https:\/\/blogs.lasprovincias.es\/mariajosepou\/wp-json\/wp\/v2\/types\/post"}],"author":[{"embeddable":true,"href":"https:\/\/blogs.lasprovincias.es\/mariajosepou\/wp-json\/wp\/v2\/users\/6"}],"replies":[{"embeddable":true,"href":"https:\/\/blogs.lasprovincias.es\/mariajosepou\/wp-json\/wp\/v2\/comments?post=225"}],"version-history":[{"count":0,"href":"https:\/\/blogs.lasprovincias.es\/mariajosepou\/wp-json\/wp\/v2\/posts\/225\/revisions"}],"wp:attachment":[{"href":"https:\/\/blogs.lasprovincias.es\/mariajosepou\/wp-json\/wp\/v2\/media?parent=225"}],"wp:term":[{"taxonomy":"category","embeddable":true,"href":"https:\/\/blogs.lasprovincias.es\/mariajosepou\/wp-json\/wp\/v2\/categories?post=225"},{"taxonomy":"post_tag","embeddable":true,"href":"https:\/\/blogs.lasprovincias.es\/mariajosepou\/wp-json\/wp\/v2\/tags?post=225"}],"curies":[{"name":"wp","href":"https:\/\/api.w.org\/{rel}","templated":true}]}}