{"id":228,"date":"2010-06-10T07:47:08","date_gmt":"2010-06-10T07:47:08","guid":{"rendered":"http:\/\/firmas.lasprovincias.es\/mariajosepou\/?p=228"},"modified":"2010-06-10T07:47:08","modified_gmt":"2010-06-10T07:47:08","slug":"la-verguenza-de-bhopal","status":"publish","type":"post","link":"https:\/\/blogs.lasprovincias.es\/mariajosepou\/2010\/06\/10\/la-verguenza-de-bhopal\/","title":{"rendered":"La verg\u00fcenza de Bhopal"},"content":{"rendered":"<p style=\"text-align: justify\"><a href=\"\/mariajosepou\/wp-content\/uploads\/sites\/4\/2010\/06\/07_06_2010_07_18_27_2096074151.jpg\"><img loading=\"lazy\" class=\"alignleft size-thumbnail wp-image-229\" src=\"\/mariajosepou\/wp-content\/uploads\/sites\/4\/2010\/06\/07_06_2010_07_18_27_2096074151.jpg\" alt=\"\" width=\"150\" height=\"150\" \/><\/a>Dos a\u00f1os de c\u00e1rcel por la muerte de 15.000 personas. Dicho as\u00ed suena extra\u00f1o. Sabe a poco. Parece desproporcionado. Lo es, pero lo realmente escandaloso no es la noticia sino la reacci\u00f3n que ha producido en el mundo. Aproximadamente nada.<\/p>\n<p style=\"text-align: justify\">Hace 25 a\u00f1os, una fuga t\u00f3xica en una planta de pesticidas de la localidad india de Bhopal caus\u00f3 al menos 15.000 muertos. \u00c9sa es la cifra que da el gobierno, pero las ONG hablan de 25.000. Esta semana, siete directivos de la empresa propietaria han sido condenados a dos a\u00f1os de c\u00e1rcel por esas muertes.<\/p>\n<p style=\"text-align: justify\">Es cierto que el presidente de la empresa est\u00e1 fugado y no ha podido ser juzgado; al mismo tiempo, hay otros responsables cuyas causas est\u00e1n en marcha y, si \u00e9sta ha necesitado 23 a\u00f1os de deliberaciones, no podemos esperar mucha m\u00e1s agilidad para las dem\u00e1s.<\/p>\n<p style=\"text-align: justify\">Sin embargo, todo ello no quita ni un \u00e1pice de verg\u00fcenza en la condena que se les ha impuesto a los primeros juzgados por la tragedia. No conozco los entresijos de la justicia en aquel pa\u00eds pero viendo los 1054 a\u00f1os que les han ca\u00eddo a los etarras que mataron a dos personas en la T-4, me da la sensaci\u00f3n de que hay una enorme desproporci\u00f3n. Desproporci\u00f3n que, cuando se trata de hacer justicia, deviene en injusticia. Literalmente.<\/p>\n<p style=\"text-align: justify\">Los ahora condenados, de cumplir los dos a\u00f1os de c\u00e1rcel que les han impuesto, pasar\u00e1n en prisi\u00f3n apenas una hora y unos minutos por cada muerto. Matar a alguien solo acarrea, seg\u00fan lo decidido por la justicia india, la molestia de pasar un rato en la c\u00e1rcel. Y una multa irrisoria de 9.000 euros.<\/p>\n<p style=\"text-align: justify\">Sin embargo, como se ha dicho, la reacci\u00f3n es lo m\u00e1s indignante. El mundo entero se sorprende y se escuchan graves declaraciones por el vertido contaminante en el Golfo de M\u00e9xico. En Espa\u00f1a se pone patas arriba el pa\u00eds por el desastre del Prestige. Pero nadie dice nada por una fuga que mat\u00f3 a 15.000 sin que se haya condenado proporcionalmente a sus culpables.<\/p>\n<p style=\"text-align: justify\">Quiz\u00e1s nos pilla lejos. O nos pilla lejos un pu\u00f1ado de pobres indios. Ellos no nos sirven para ganar votos.<\/p>\n<!-- AddThis Advanced Settings generic via filter on the_content --><!-- AddThis Share Buttons generic via filter on the_content -->","protected":false},"excerpt":{"rendered":"<p>Dos a\u00f1os de c\u00e1rcel por la muerte de 15.000 personas. Dicho as\u00ed suena extra\u00f1o. Sabe a poco. Parece desproporcionado. Lo es, pero lo realmente escandaloso no es la noticia sino la reacci\u00f3n que ha producido en el mundo. Aproximadamente nada. Hace 25 a\u00f1os, una fuga t\u00f3xica en una planta de pesticidas de la localidad india [&hellip;]<!-- AddThis Advanced Settings generic via filter on get_the_excerpt --><!-- AddThis Share Buttons generic via filter on get_the_excerpt --><\/p>\n","protected":false},"author":6,"featured_media":0,"comment_status":"open","ping_status":"closed","sticky":false,"template":"","format":"standard","meta":[],"categories":[3],"tags":[],"_links":{"self":[{"href":"https:\/\/blogs.lasprovincias.es\/mariajosepou\/wp-json\/wp\/v2\/posts\/228"}],"collection":[{"href":"https:\/\/blogs.lasprovincias.es\/mariajosepou\/wp-json\/wp\/v2\/posts"}],"about":[{"href":"https:\/\/blogs.lasprovincias.es\/mariajosepou\/wp-json\/wp\/v2\/types\/post"}],"author":[{"embeddable":true,"href":"https:\/\/blogs.lasprovincias.es\/mariajosepou\/wp-json\/wp\/v2\/users\/6"}],"replies":[{"embeddable":true,"href":"https:\/\/blogs.lasprovincias.es\/mariajosepou\/wp-json\/wp\/v2\/comments?post=228"}],"version-history":[{"count":0,"href":"https:\/\/blogs.lasprovincias.es\/mariajosepou\/wp-json\/wp\/v2\/posts\/228\/revisions"}],"wp:attachment":[{"href":"https:\/\/blogs.lasprovincias.es\/mariajosepou\/wp-json\/wp\/v2\/media?parent=228"}],"wp:term":[{"taxonomy":"category","embeddable":true,"href":"https:\/\/blogs.lasprovincias.es\/mariajosepou\/wp-json\/wp\/v2\/categories?post=228"},{"taxonomy":"post_tag","embeddable":true,"href":"https:\/\/blogs.lasprovincias.es\/mariajosepou\/wp-json\/wp\/v2\/tags?post=228"}],"curies":[{"name":"wp","href":"https:\/\/api.w.org\/{rel}","templated":true}]}}