{"id":232,"date":"2010-06-11T06:45:56","date_gmt":"2010-06-11T06:45:56","guid":{"rendered":"http:\/\/firmas.lasprovincias.es\/mariajosepou\/?p=232"},"modified":"2010-06-11T06:45:56","modified_gmt":"2010-06-11T06:45:56","slug":"el-cajon","status":"publish","type":"post","link":"https:\/\/blogs.lasprovincias.es\/mariajosepou\/2010\/06\/11\/el-cajon\/","title":{"rendered":"El caj\u00f3n"},"content":{"rendered":"<p style=\"text-align: justify\"><a href=\"\/mariajosepou\/wp-content\/uploads\/sites\/4\/2010\/06\/Cr\u00e9dito-Consumo-de-Bancaja.jpg\"><img loading=\"lazy\" class=\"alignleft size-thumbnail wp-image-233\" src=\"\/mariajosepou\/wp-content\/uploads\/sites\/4\/2010\/06\/Cr\u00e9dito-Consumo-de-Bancaja.jpg\" alt=\"\" width=\"150\" height=\"150\" \/><\/a>Ya s\u00e9 que suena poco inspirado y un tanto burdo pero ayer cuando supe de la fusi\u00f3n entre Bancaja y Cajamadrid pens\u00e9: esto no es una caja \u00a1esto es un caj\u00f3n!<\/p>\n<p style=\"text-align: justify\">La verdad es que no soy neutral, si es que una columnista tuviera que serlo. Soy clienta de Bancaja as\u00ed que no puedo mirar hacia la fusi\u00f3n como si fuera la resultante de integrar al Manchester y al Liverpool. Como si tal.<\/p>\n<p style=\"text-align: justify\">Como clienta quiero saber que mi caja sea la mejor, la m\u00e1s rentable, la m\u00e1s eficiente, la que m\u00e1s seguridad me d\u00e9 y la que m\u00e1s obra social produzca. O sea, que deje de tener influencias y servidumbres pol\u00edticas y se dedique a gestionar el dinero lo mejor posible para beneficiarnos a los clientes y al resto de ciudadanos. En una palabra, a gestionarlo como si fuera del bolsillo propio.<\/p>\n<p style=\"text-align: justify\">Por eso el eje Madrid-Valencia con lo que est\u00e1 cayendo me da que pensar. Si es verdad que Rajoy tiene opciones de asaltar la Moncloa en breve, no parece secundario que la primera caja del pa\u00eds proceda de la fusi\u00f3n, por muy fr\u00eda que est\u00e9, de Bancaja y Cajamadrid. En ese contexto, poco importa que la sede est\u00e9 en Valencia, como ha reivindicado Camps, o en Madrid.<\/p>\n<p style=\"text-align: justify\">\u00bfDeber\u00eda importarnos a los clientes? \u00bfPor qu\u00e9? Teniendo en cuenta que nuestras inversiones, a juzgar por los hedge funds y las dem\u00e1s zaranzajas bancarias, han podido realizarse en fondos de cualquier isla tropical, no veo por qu\u00e9 debemos aferrarnos a la idea de que la caja sea &#8220;de la terreta&#8221;. Hoy el mercado es global y la econom\u00eda es global. Tanto, que lo estamos sufriendo desde que cayera Lehman Brothers. Y lo que te rondar\u00e9.<\/p>\n<p style=\"text-align: justify\">Por eso no encuentro d\u00f3nde reside la necesidad imperiosa de que &#8220;Bancaja et al&#8221; tenga su sede en Valencia. Lo celebro pero por puro ejercicio de chovinismo que no viene mal en temporada tur\u00edstica. M\u00e1s all\u00e1 de eso, en un contexto de globalizaci\u00f3n bancaria, no consigo ver por qu\u00e9 es &#8220;un gran d\u00eda para la Comunidad Valenciana&#8221;. Salvo que me convenzan de que \u00e9sta es una verdadera &#8220;terra m\u00edtica&#8221; para mi inversi\u00f3n.<\/p>\n<!-- AddThis Advanced Settings generic via filter on the_content --><!-- AddThis Share Buttons generic via filter on the_content -->","protected":false},"excerpt":{"rendered":"<p>Ya s\u00e9 que suena poco inspirado y un tanto burdo pero ayer cuando supe de la fusi\u00f3n entre Bancaja y Cajamadrid pens\u00e9: esto no es una caja \u00a1esto es un caj\u00f3n! La verdad es que no soy neutral, si es que una columnista tuviera que serlo. Soy clienta de Bancaja as\u00ed que no puedo mirar [&hellip;]<!-- AddThis Advanced Settings generic via filter on get_the_excerpt --><!-- AddThis Share Buttons generic via filter on get_the_excerpt --><\/p>\n","protected":false},"author":6,"featured_media":0,"comment_status":"open","ping_status":"closed","sticky":false,"template":"","format":"standard","meta":[],"categories":[4],"tags":[65],"_links":{"self":[{"href":"https:\/\/blogs.lasprovincias.es\/mariajosepou\/wp-json\/wp\/v2\/posts\/232"}],"collection":[{"href":"https:\/\/blogs.lasprovincias.es\/mariajosepou\/wp-json\/wp\/v2\/posts"}],"about":[{"href":"https:\/\/blogs.lasprovincias.es\/mariajosepou\/wp-json\/wp\/v2\/types\/post"}],"author":[{"embeddable":true,"href":"https:\/\/blogs.lasprovincias.es\/mariajosepou\/wp-json\/wp\/v2\/users\/6"}],"replies":[{"embeddable":true,"href":"https:\/\/blogs.lasprovincias.es\/mariajosepou\/wp-json\/wp\/v2\/comments?post=232"}],"version-history":[{"count":0,"href":"https:\/\/blogs.lasprovincias.es\/mariajosepou\/wp-json\/wp\/v2\/posts\/232\/revisions"}],"wp:attachment":[{"href":"https:\/\/blogs.lasprovincias.es\/mariajosepou\/wp-json\/wp\/v2\/media?parent=232"}],"wp:term":[{"taxonomy":"category","embeddable":true,"href":"https:\/\/blogs.lasprovincias.es\/mariajosepou\/wp-json\/wp\/v2\/categories?post=232"},{"taxonomy":"post_tag","embeddable":true,"href":"https:\/\/blogs.lasprovincias.es\/mariajosepou\/wp-json\/wp\/v2\/tags?post=232"}],"curies":[{"name":"wp","href":"https:\/\/api.w.org\/{rel}","templated":true}]}}