{"id":239,"date":"2010-06-12T07:08:49","date_gmt":"2010-06-12T07:08:49","guid":{"rendered":"http:\/\/firmas.lasprovincias.es\/mariajosepou\/?p=239"},"modified":"2010-06-12T07:08:49","modified_gmt":"2010-06-12T07:08:49","slug":"la-roja-y-la-patria","status":"publish","type":"post","link":"https:\/\/blogs.lasprovincias.es\/mariajosepou\/2010\/06\/12\/la-roja-y-la-patria\/","title":{"rendered":"La Roja y la Patria"},"content":{"rendered":"<p style=\"text-align: justify\"><a href=\"\/mariajosepou\/wp-content\/uploads\/sites\/4\/2010\/06\/casillascopagj2.jpg\"><img loading=\"lazy\" class=\"alignleft size-medium wp-image-240\" src=\"\/mariajosepou\/wp-content\/uploads\/sites\/4\/2010\/06\/casillascopagj2-e1276326473741.jpg\" alt=\"\" width=\"206\" height=\"300\" \/><\/a>Ya s\u00e9 que para mucha gente, el mundo ha cambiado en 24 horas. Ayer, la vida era gris, llena de amenazas econ\u00f3micas y desastres financieros. Hoy, luce el sol, cantan los p\u00e1jaros y hasta Bel\u00e9n Esteban baila bien. Es el efecto enga\u00f1oso de la felicidad.<\/p>\n<p style=\"text-align: justify\">Para m\u00ed, no. No es que me sienta infeliz sino que vivo el de hoy como un s\u00e1bado normal, similar al anterior. Sigo sin encontrar motivo alguno para sentarme delante de la televisi\u00f3n durante dos horas. En una palabra, que no me gusta el f\u00fatbol. Por eso no me emociona que empiece el Mundial, el Nacional o el Regional.<\/p>\n<p style=\"text-align: justify\">Que nadie se preocupe: aunque me repelan los toros y me aburra el f\u00fatbol, cumplo con la patria adorando la paella, la siesta y a Paco de Luc\u00eda. Hasta ah\u00ed puedo besar la bandera en una jura de t\u00f3picos. Y dir\u00eda m\u00e1s: en la Eurocopa me descubr\u00ed emocion\u00e1ndome con &#8216;la Roja&#8217;. No lo hab\u00eda confesado nunca pero s\u00ed. Cuando vi a Casillas (\u00bfera Casillas?) levantando el cop\u00f3n casi se me salt\u00f3 la lagrimita que qued\u00f3 pendiente desde la muerte del m\u00edtico Chanquete.<\/p>\n<p style=\"text-align: justify\">O sea que no me aprender\u00e9 nunca el nombre de los miembros de la Selecci\u00f3n pero apreciar\u00e9 sus esfuerzos por hacer felices a mis compatriotas. Entiendo que decir estas cosas, tan irreverentes, en un pa\u00eds de creyentes es arriesgarme a que me den de latigazos en la plaza p\u00fablica pero me cuesta aceptar la metamorfosis de todo un pa\u00eds por un grupito de &#8216;ricos&#8217; (en la definici\u00f3n fiscal actual) que adquieren esa categor\u00eda haciendo que una pelota pase entre dos palos.<\/p>\n<p style=\"text-align: justify\">Cuando Jos\u00e9 Blanco nos lanza contra los &#8216;ricos&#8217; como culpables de nuestros males y dice aquello de \u00abmuerde, Espa\u00f1a, muerde\u00bb se nos aparece en la retina la imagen de D\u00edaz Ferr\u00e1n pero no de Iniesta o de Villa. A \u00e9stos se lo perdonamos todo, incluida una prima de verg\u00fcenza si ganan el Mundial, porque nos hacen felices.<\/p>\n<p style=\"text-align: justify\">Sin embargo, mientras nosotros nos acongojamos conociendo los detalles de la reforma laboral, permitimos que mimen a los de &#8216;la Roja&#8217; con tal de que nos hagan olvidarlo todo solo por unos d\u00edas.<\/p>\n<!-- AddThis Advanced Settings generic via filter on the_content --><!-- AddThis Share Buttons generic via filter on the_content -->","protected":false},"excerpt":{"rendered":"<p>Ya s\u00e9 que para mucha gente, el mundo ha cambiado en 24 horas. Ayer, la vida era gris, llena de amenazas econ\u00f3micas y desastres financieros. Hoy, luce el sol, cantan los p\u00e1jaros y hasta Bel\u00e9n Esteban baila bien. Es el efecto enga\u00f1oso de la felicidad. Para m\u00ed, no. No es que me sienta infeliz sino [&hellip;]<!-- AddThis Advanced Settings generic via filter on get_the_excerpt --><!-- AddThis Share Buttons generic via filter on get_the_excerpt --><\/p>\n","protected":false},"author":6,"featured_media":0,"comment_status":"open","ping_status":"closed","sticky":false,"template":"","format":"standard","meta":[],"categories":[4],"tags":[65,83],"_links":{"self":[{"href":"https:\/\/blogs.lasprovincias.es\/mariajosepou\/wp-json\/wp\/v2\/posts\/239"}],"collection":[{"href":"https:\/\/blogs.lasprovincias.es\/mariajosepou\/wp-json\/wp\/v2\/posts"}],"about":[{"href":"https:\/\/blogs.lasprovincias.es\/mariajosepou\/wp-json\/wp\/v2\/types\/post"}],"author":[{"embeddable":true,"href":"https:\/\/blogs.lasprovincias.es\/mariajosepou\/wp-json\/wp\/v2\/users\/6"}],"replies":[{"embeddable":true,"href":"https:\/\/blogs.lasprovincias.es\/mariajosepou\/wp-json\/wp\/v2\/comments?post=239"}],"version-history":[{"count":0,"href":"https:\/\/blogs.lasprovincias.es\/mariajosepou\/wp-json\/wp\/v2\/posts\/239\/revisions"}],"wp:attachment":[{"href":"https:\/\/blogs.lasprovincias.es\/mariajosepou\/wp-json\/wp\/v2\/media?parent=239"}],"wp:term":[{"taxonomy":"category","embeddable":true,"href":"https:\/\/blogs.lasprovincias.es\/mariajosepou\/wp-json\/wp\/v2\/categories?post=239"},{"taxonomy":"post_tag","embeddable":true,"href":"https:\/\/blogs.lasprovincias.es\/mariajosepou\/wp-json\/wp\/v2\/tags?post=239"}],"curies":[{"name":"wp","href":"https:\/\/api.w.org\/{rel}","templated":true}]}}