{"id":242,"date":"2010-06-13T07:05:21","date_gmt":"2010-06-13T07:05:21","guid":{"rendered":"http:\/\/firmas.lasprovincias.es\/mariajosepou\/?p=242"},"modified":"2010-06-13T07:05:21","modified_gmt":"2010-06-13T07:05:21","slug":"las-clochinas-del-gurtel","status":"publish","type":"post","link":"https:\/\/blogs.lasprovincias.es\/mariajosepou\/2010\/06\/13\/las-clochinas-del-gurtel\/","title":{"rendered":"Las cl\u00f3chinas del G\u00fcrtel"},"content":{"rendered":"<p style=\"text-align: justify\"><a href=\"\/mariajosepou\/wp-content\/uploads\/sites\/4\/2010\/06\/Cl\u00f3china_Valencia_051.jpg\"><img loading=\"lazy\" class=\"alignleft size-medium wp-image-243\" src=\"\/mariajosepou\/wp-content\/uploads\/sites\/4\/2010\/06\/Cl\u00f3china_Valencia_051.jpg\" alt=\"\" width=\"300\" height=\"200\" srcset=\"https:\/\/static-blogs.lasprovincias.es\/wp-content\/uploads\/sites\/4\/2010\/06\/Cl\u00f3china_Valencia_051.jpg 3888w, https:\/\/static-blogs.lasprovincias.es\/wp-content\/uploads\/sites\/4\/2010\/06\/Cl\u00f3china_Valencia_051-300x200.jpg 300w, https:\/\/static-blogs.lasprovincias.es\/wp-content\/uploads\/sites\/4\/2010\/06\/Cl\u00f3china_Valencia_051-768x512.jpg 768w, https:\/\/static-blogs.lasprovincias.es\/wp-content\/uploads\/sites\/4\/2010\/06\/Cl\u00f3china_Valencia_051-1024x683.jpg 1024w\" sizes=\"(max-width: 300px) 100vw, 300px\" \/><\/a>La verdad es que me ha intrigado el suceso que denuncia el PP a las puertas de su sede. Dice que el otro d\u00eda, mientras Rita Barber\u00e1 presentaba su nueva p\u00e1gina web, hab\u00eda <a href=\"http:\/\/www.lasprovincias.es\/prensa\/20100613\/politica\/denuncia-algo-huele-podrido-20100613.html\" target=\"_blank\" rel=\"external nofollow\">una furgoneta aparcada<\/a> fuera con un micr\u00f3fono capaz de captar conversaciones y chismorreos varios. Lo mejor del caso es que los presuntos polic\u00edas alegaron estar haciendo labores de informaci\u00f3n en el Bot\u00e1nico. Es l\u00f3gico \u00a1hay que ver lo peligrosos que se han vuelto los rosales trepadores que murmuran con las acacias! Para m\u00ed que las orqu\u00eddeas han prevaricado recientemente a cuenta del G\u00fcrtel. Y no digamos los robles americanos, sospechosos de estar preparando una moci\u00f3n de censura con dos con\u00edferas tr\u00e1nsfugas que dejar\u00edan en nada lo de Benidorm.<\/p>\n<p style=\"text-align: justify\">A m\u00ed los espionajes caseros siempre me han parecido divertid\u00edsimos. Tanto que la pr\u00f3xima vez que se celebre un acto del PP voy a pasarme por all\u00ed con el walkie-talkie del inspector Gadget con el que jugaban mis sobrinas. Una vez apostada tras un pino del Bot\u00e1nico empezar\u00e9 a retransmitir mensajes en clave: \u00abAlfa llamando a Beta. Veo un Bigote aproxim\u00e1ndose con cuarta y media de cl\u00f3china valenciana. Espero \u00f3rdenes para saber si debo limpiar la cl\u00f3china o mejor la revendo y opto por unas tellinitas. Cambio\u00bb.<\/p>\n<p style=\"text-align: justify\">Yo no s\u00e9 si eso despistar\u00e1 mucho a los vigilantes de la furgoneta blanca pero ya me estoy imaginando a \u00c1ngel Luna reproch\u00e1ndole a Camps en Les Corts que los trajes los pag\u00f3 el due\u00f1o de un chiringuito a cambio de un soborno con tellinas de playa. Y todo ello sobre la base de un informe que habla de unas gotitas de lim\u00f3n, un poquito de pimienta y unas hojitas de laurel.<\/p>\n<p style=\"text-align: justify\">Si mi truco funciona, la estrategia puede servir de referencia a todo el mundo, pues dec\u00eda ayer Antonio Clemente que lo sucedido con el PP puede pasarle a cualquier ciudadano. E incluso dir\u00eda m\u00e1s: si universalizamos la conversaci\u00f3n insulsa, inane y chorra para despistar a la polic\u00eda, el espionaje puede convertirse en una actividad terriblemente estresante. Con tanta cl\u00f3china, el esp\u00eda no sabr\u00e1 si est\u00e1 consiguiendo las pruebas del G\u00fcrtel o una receta de la abuela.<\/p>\n<!-- AddThis Advanced Settings generic via filter on the_content --><!-- AddThis Share Buttons generic via filter on the_content -->","protected":false},"excerpt":{"rendered":"<p>La verdad es que me ha intrigado el suceso que denuncia el PP a las puertas de su sede. Dice que el otro d\u00eda, mientras Rita Barber\u00e1 presentaba su nueva p\u00e1gina web, hab\u00eda una furgoneta aparcada fuera con un micr\u00f3fono capaz de captar conversaciones y chismorreos varios. Lo mejor del caso es que los presuntos [&hellip;]<!-- AddThis Advanced Settings generic via filter on get_the_excerpt --><!-- AddThis Share Buttons generic via filter on get_the_excerpt --><\/p>\n","protected":false},"author":6,"featured_media":0,"comment_status":"open","ping_status":"closed","sticky":false,"template":"","format":"standard","meta":[],"categories":[4],"tags":[88,136,152],"_links":{"self":[{"href":"https:\/\/blogs.lasprovincias.es\/mariajosepou\/wp-json\/wp\/v2\/posts\/242"}],"collection":[{"href":"https:\/\/blogs.lasprovincias.es\/mariajosepou\/wp-json\/wp\/v2\/posts"}],"about":[{"href":"https:\/\/blogs.lasprovincias.es\/mariajosepou\/wp-json\/wp\/v2\/types\/post"}],"author":[{"embeddable":true,"href":"https:\/\/blogs.lasprovincias.es\/mariajosepou\/wp-json\/wp\/v2\/users\/6"}],"replies":[{"embeddable":true,"href":"https:\/\/blogs.lasprovincias.es\/mariajosepou\/wp-json\/wp\/v2\/comments?post=242"}],"version-history":[{"count":0,"href":"https:\/\/blogs.lasprovincias.es\/mariajosepou\/wp-json\/wp\/v2\/posts\/242\/revisions"}],"wp:attachment":[{"href":"https:\/\/blogs.lasprovincias.es\/mariajosepou\/wp-json\/wp\/v2\/media?parent=242"}],"wp:term":[{"taxonomy":"category","embeddable":true,"href":"https:\/\/blogs.lasprovincias.es\/mariajosepou\/wp-json\/wp\/v2\/categories?post=242"},{"taxonomy":"post_tag","embeddable":true,"href":"https:\/\/blogs.lasprovincias.es\/mariajosepou\/wp-json\/wp\/v2\/tags?post=242"}],"curies":[{"name":"wp","href":"https:\/\/api.w.org\/{rel}","templated":true}]}}