{"id":245,"date":"2010-06-14T06:54:10","date_gmt":"2010-06-14T06:54:10","guid":{"rendered":"http:\/\/firmas.lasprovincias.es\/mariajosepou\/?p=245"},"modified":"2010-06-14T06:54:10","modified_gmt":"2010-06-14T06:54:10","slug":"triste-y-solo","status":"publish","type":"post","link":"https:\/\/blogs.lasprovincias.es\/mariajosepou\/2010\/06\/14\/triste-y-solo\/","title":{"rendered":"Triste y solo"},"content":{"rendered":"<p style=\"text-align: justify\"><a href=\"\/mariajosepou\/wp-content\/uploads\/sites\/4\/2010\/06\/62414_zapatero-grande.jpg\"><img loading=\"lazy\" class=\"alignleft size-medium wp-image-246\" src=\"\/mariajosepou\/wp-content\/uploads\/sites\/4\/2010\/06\/62414_zapatero-grande.jpg\" alt=\"\" width=\"199\" height=\"300\" srcset=\"https:\/\/static-blogs.lasprovincias.es\/wp-content\/uploads\/sites\/4\/2010\/06\/62414_zapatero-grande.jpg 566w, https:\/\/static-blogs.lasprovincias.es\/wp-content\/uploads\/sites\/4\/2010\/06\/62414_zapatero-grande-199x300.jpg 199w\" sizes=\"(max-width: 199px) 100vw, 199px\" \/><\/a>Zapatero parece, cada d\u00eda m\u00e1s, la encarnaci\u00f3n viva de la tristeza compostelana que se siente de fondo cuando la tuna canta \u201cTriste y sola\u201d. Sola se queda Fonseca y solo parece Zapatero. Tristes quedan los muros el Palacio de Fonseca y trist\u00f3n y cabizbajo anda por los rincones patrios el optimista antropol\u00f3gico.<\/p>\n<p style=\"text-align: justify\">A su pena profunda de cascabelero prometedor de d\u00e1divas venido a menos se une una cierta delgadez que me quita el sue\u00f1o. \u00bfSer\u00e1 que hasta Sonsoles, como dec\u00eda Rita Barber\u00e1, est\u00e1 harta y no le espera para cenar de modo que el pobre subsiste a base de latas de mejillones y restos de pizza recalentados al microondas? \u00bfSer\u00e1 que la preocupaci\u00f3n por el papel de Espa\u00f1a en el Mundial ha cerrado el est\u00f3mago del ministro de Deportes? \u00bfSer\u00e1 que se presenta \u00e9l mismo como lecci\u00f3n pr\u00e1ctica de apretarse el cintur\u00f3n?<\/p>\n<p style=\"text-align: justify\">Si es por eso, yo ando fina. A juzgar por mi cintur\u00f3n, nado en la abundancia, cosa que es falsa de toda falsedad. O sea, que si quiero dar ejemplo de austeridad, debo bajar un par de tallas. Qu\u00e9 contrariedad. Siempre pillo mal la interpretaci\u00f3n social de la gordura.<\/p>\n<p style=\"text-align: justify\">Hubo un tiempo en que obesidad y belleza iban de la mano pero de eso hace siglos y se qued\u00f3 en los cuadros de Rubens. En el XIX, sin embargo, la languidez y la palidez de las t\u00edsicas eran puro acicate sexual para los contempor\u00e1neos.<\/p>\n<p style=\"text-align: justify\">En el XX hemos visto pasar de la delgadez extrema de Kate Moss a las curvas voluptuosas de Monica Belluci. Y ahora, que parec\u00eda que ya nos estabiliz\u00e1bamos entre un \u00edndice de masa corporal sano para las modelos y unas curvas moderadas, para el resto, llega la crisis.<\/p>\n<p style=\"text-align: justify\">Con ella, la gordura vuelve a la caverna, esta vez por ser sin\u00f3nimo de exceso impropio en tiempos de precariedad.<\/p>\n<p style=\"text-align: justify\">Por eso, quiz\u00e1s, la delgadez de Zapatero marque tendencia, si alguna vez las medidas de un caballero lo hacen. Me refiero a las medidas globales, no parciales. Si la referencia es el cintur\u00f3n de Zapatero que cada d\u00eda se aprieta m\u00e1s, nos va a tocar sufrir sangre, sudor y hambre. Mucha hambre.<\/p>\n<!-- AddThis Advanced Settings generic via filter on the_content --><!-- AddThis Share Buttons generic via filter on the_content -->","protected":false},"excerpt":{"rendered":"<p>Zapatero parece, cada d\u00eda m\u00e1s, la encarnaci\u00f3n viva de la tristeza compostelana que se siente de fondo cuando la tuna canta \u201cTriste y sola\u201d. Sola se queda Fonseca y solo parece Zapatero. Tristes quedan los muros el Palacio de Fonseca y trist\u00f3n y cabizbajo anda por los rincones patrios el optimista antropol\u00f3gico. A su pena [&hellip;]<!-- AddThis Advanced Settings generic via filter on get_the_excerpt --><!-- AddThis Share Buttons generic via filter on get_the_excerpt --><\/p>\n","protected":false},"author":6,"featured_media":0,"comment_status":"open","ping_status":"closed","sticky":false,"template":"","format":"standard","meta":[],"categories":[4],"tags":[187],"_links":{"self":[{"href":"https:\/\/blogs.lasprovincias.es\/mariajosepou\/wp-json\/wp\/v2\/posts\/245"}],"collection":[{"href":"https:\/\/blogs.lasprovincias.es\/mariajosepou\/wp-json\/wp\/v2\/posts"}],"about":[{"href":"https:\/\/blogs.lasprovincias.es\/mariajosepou\/wp-json\/wp\/v2\/types\/post"}],"author":[{"embeddable":true,"href":"https:\/\/blogs.lasprovincias.es\/mariajosepou\/wp-json\/wp\/v2\/users\/6"}],"replies":[{"embeddable":true,"href":"https:\/\/blogs.lasprovincias.es\/mariajosepou\/wp-json\/wp\/v2\/comments?post=245"}],"version-history":[{"count":0,"href":"https:\/\/blogs.lasprovincias.es\/mariajosepou\/wp-json\/wp\/v2\/posts\/245\/revisions"}],"wp:attachment":[{"href":"https:\/\/blogs.lasprovincias.es\/mariajosepou\/wp-json\/wp\/v2\/media?parent=245"}],"wp:term":[{"taxonomy":"category","embeddable":true,"href":"https:\/\/blogs.lasprovincias.es\/mariajosepou\/wp-json\/wp\/v2\/categories?post=245"},{"taxonomy":"post_tag","embeddable":true,"href":"https:\/\/blogs.lasprovincias.es\/mariajosepou\/wp-json\/wp\/v2\/tags?post=245"}],"curies":[{"name":"wp","href":"https:\/\/api.w.org\/{rel}","templated":true}]}}