{"id":248,"date":"2010-06-15T06:56:43","date_gmt":"2010-06-15T06:56:43","guid":{"rendered":"http:\/\/firmas.lasprovincias.es\/mariajosepou\/?p=248"},"modified":"2010-06-15T06:56:43","modified_gmt":"2010-06-15T06:56:43","slug":"vuvuzelas-en-el-mundial","status":"publish","type":"post","link":"https:\/\/blogs.lasprovincias.es\/mariajosepou\/2010\/06\/15\/vuvuzelas-en-el-mundial\/","title":{"rendered":"Vuvuzelas en el Mundial"},"content":{"rendered":"<p style=\"text-align: justify\"><span style=\"font-family: Cambria;font-size: small\"><a href=\"\/mariajosepou\/wp-content\/uploads\/sites\/4\/2010\/06\/r.jpg\"><img loading=\"lazy\" class=\"alignleft size-medium wp-image-249\" src=\"\/mariajosepou\/wp-content\/uploads\/sites\/4\/2010\/06\/r.jpg\" alt=\"\" width=\"300\" height=\"189\" srcset=\"https:\/\/static-blogs.lasprovincias.es\/wp-content\/uploads\/sites\/4\/2010\/06\/r.jpg 460w, https:\/\/static-blogs.lasprovincias.es\/wp-content\/uploads\/sites\/4\/2010\/06\/r-300x189.jpg 300w\" sizes=\"(max-width: 300px) 100vw, 300px\" \/><\/a>Admito que hasta hace unas horas no sab\u00eda lo que era una vuvuzela. Es m\u00e1s, cada vez que lo le\u00eda de pasada en alg\u00fan sitio, me dec\u00eda a m\u00ed\u00a0misma: tengo que averiguar qu\u00e9\u00a0es eso. La culpa la tienen mi alergia al f\u00fatbol y mi tendencia natural a desconectar cuando escucho hablar de \u00e9l. Por eso nunca encontraba tiempo para bucear en la informaci\u00f3n deportiva y saber qu\u00e9 era una vuvuzela. <\/span><\/p>\n<p style=\"text-align: justify\"><span style=\"font-family: Cambria;font-size: small\">Ahora ya lo s\u00e9. No es m\u00e1s que una trompeta, parecida a las que se usan aqu\u00ed\u00a0para los partidos, con la diferencia del nombre propio, de las variantes sonoras y del uso masivo entre los aficionados. Al parecer, esa concentraci\u00f3n de gentes soplando la trompetilla produce tal estruendo que se ha convertido en arma contra el rival. <\/span><\/p>\n<p style=\"text-align: justify\"><span style=\"font-family: Cambria;font-size: small\">Lo cierto es que a m\u00ed\u00a0me da igual. \u00danicamente lo siento por los ciudadanos de las distintas sedes y por los turistas que pretendan dormir en paz en estos d\u00edas. Lo que me llama la atenci\u00f3n no es el uso de trompetas insoportables sino la forma de explicarlo y contextualizarlo que tiene la prensa occidental.<\/span><\/p>\n<p style=\"text-align: justify\"><span style=\"font-family: Cambria;font-size: small\">En este Mundial la clave \u00e9tnico-folkl\u00f3rica est\u00e1\u00a0m\u00e1s presente que nunca. Todo se analiza y se presenta bajo esa perspectiva: Sud\u00e1frica, pa\u00eds colorista y tribal, intenta agradar al visitante blanco. <\/span><\/p>\n<p style=\"text-align: justify\"><span style=\"font-family: Cambria;font-size: small\">Cuando la Selecci\u00f3n lleg\u00f3\u00a0a Potchefstroom, la noticia fueron las danzas aut\u00f3ctonas con las que fue recibida. O, en la inauguraci\u00f3n, lo que m\u00e1s destac\u00f3 la prensa fueron los colores y las coreograf\u00edas cuando a m\u00ed, particularmente, me interes\u00f3 la recreaci\u00f3n de un escarabajo gigante para recordar a unos africanos universales: los antiguos egipcios. <\/span><\/p>\n<p style=\"text-align: justify\"><span style=\"font-family: Cambria;font-size: small\">El problema no es que esa realidad no est\u00e9\u00a0presente. Es imposible sustraerse a las vuvuzelas si llenan el estadio. Sin embargo, reducir \u00c1frica a danzas y colores ex\u00f3ticos es perjudicial para el continente. Si este Mundial puede ayudar a \u201cponer a \u00c1frica en el mapa\u201d, debe hacerlo con toda su diversidad y su complejidad. <\/span><\/p>\n<p style=\"text-align: justify\"><span style=\"font-family: Cambria;font-size: small\">\u00c1frica tambi\u00e9n es Egipto, Guinea o Ruanda.\u00a0 Olvidarlo solo puede convertir una ocasi\u00f3n hist\u00f3rica para tomar conciencia de que \u00c1frica existe, en el peor vicio occidental: conformarse con una foto vistosa.<\/span><\/p>\n<!-- AddThis Advanced Settings generic via filter on the_content --><!-- AddThis Share Buttons generic via filter on the_content -->","protected":false},"excerpt":{"rendered":"<p>Admito que hasta hace unas horas no sab\u00eda lo que era una vuvuzela. Es m\u00e1s, cada vez que lo le\u00eda de pasada en alg\u00fan sitio, me dec\u00eda a m\u00ed\u00a0misma: tengo que averiguar qu\u00e9\u00a0es eso. La culpa la tienen mi alergia al f\u00fatbol y mi tendencia natural a desconectar cuando escucho hablar de \u00e9l. Por eso [&hellip;]<!-- AddThis Advanced Settings generic via filter on get_the_excerpt --><!-- AddThis Share Buttons generic via filter on get_the_excerpt --><\/p>\n","protected":false},"author":6,"featured_media":0,"comment_status":"open","ping_status":"closed","sticky":false,"template":"","format":"standard","meta":[],"categories":[4],"tags":[83],"_links":{"self":[{"href":"https:\/\/blogs.lasprovincias.es\/mariajosepou\/wp-json\/wp\/v2\/posts\/248"}],"collection":[{"href":"https:\/\/blogs.lasprovincias.es\/mariajosepou\/wp-json\/wp\/v2\/posts"}],"about":[{"href":"https:\/\/blogs.lasprovincias.es\/mariajosepou\/wp-json\/wp\/v2\/types\/post"}],"author":[{"embeddable":true,"href":"https:\/\/blogs.lasprovincias.es\/mariajosepou\/wp-json\/wp\/v2\/users\/6"}],"replies":[{"embeddable":true,"href":"https:\/\/blogs.lasprovincias.es\/mariajosepou\/wp-json\/wp\/v2\/comments?post=248"}],"version-history":[{"count":0,"href":"https:\/\/blogs.lasprovincias.es\/mariajosepou\/wp-json\/wp\/v2\/posts\/248\/revisions"}],"wp:attachment":[{"href":"https:\/\/blogs.lasprovincias.es\/mariajosepou\/wp-json\/wp\/v2\/media?parent=248"}],"wp:term":[{"taxonomy":"category","embeddable":true,"href":"https:\/\/blogs.lasprovincias.es\/mariajosepou\/wp-json\/wp\/v2\/categories?post=248"},{"taxonomy":"post_tag","embeddable":true,"href":"https:\/\/blogs.lasprovincias.es\/mariajosepou\/wp-json\/wp\/v2\/tags?post=248"}],"curies":[{"name":"wp","href":"https:\/\/api.w.org\/{rel}","templated":true}]}}