{"id":251,"date":"2010-06-16T06:59:51","date_gmt":"2010-06-16T06:59:51","guid":{"rendered":"http:\/\/firmas.lasprovincias.es\/mariajosepou\/?p=251"},"modified":"2010-06-16T06:59:51","modified_gmt":"2010-06-16T06:59:51","slug":"huelga-en-diferido","status":"publish","type":"post","link":"https:\/\/blogs.lasprovincias.es\/mariajosepou\/2010\/06\/16\/huelga-en-diferido\/","title":{"rendered":"Huelga en diferido"},"content":{"rendered":"<p style=\"text-align: justify\"><a href=\"\/mariajosepou\/wp-content\/uploads\/sites\/4\/2010\/06\/lebrija-huelga-general.jpg\"><img loading=\"lazy\" class=\"alignleft size-medium wp-image-252\" src=\"\/mariajosepou\/wp-content\/uploads\/sites\/4\/2010\/06\/lebrija-huelga-general.jpg\" alt=\"\" width=\"300\" height=\"199\" srcset=\"https:\/\/static-blogs.lasprovincias.es\/wp-content\/uploads\/sites\/4\/2010\/06\/lebrija-huelga-general.jpg 500w, https:\/\/static-blogs.lasprovincias.es\/wp-content\/uploads\/sites\/4\/2010\/06\/lebrija-huelga-general-300x200.jpg 300w\" sizes=\"(max-width: 300px) 100vw, 300px\" \/><\/a>Con esto de la crisis, de la inseguridad laboral, de las dudas sobre si los precios de hoy ser\u00e1n los de ma\u00f1ana y sobre los augurios de peores circunstancias econ\u00f3micas tras el verano, todav\u00eda no me hago el \u00e1nimo de anotar el 29 de septiembre en la agenda.<\/p>\n<p style=\"text-align: justify\"><span style=\"font-family: Cambria;font-size: small\">A fecha de hoy desconozco qu\u00e9\u00a0ser\u00e1\u00a0de mi el 29 de septiembre. Estoy, como tantos otros espa\u00f1oles, con la sensaci\u00f3n de andar sobre trozos de hielo en medio del oc\u00e9ano ant\u00e1rtico, es decir, pensando que en cualquier momento eso que parece suelo puede hundirse y hacerme caer al agua helada del Polo Sur. <\/span><\/p>\n<p style=\"text-align: justify\"><span style=\"font-family: Cambria;font-size: small\">Qui\u00e9n sabe lo que pasar\u00e1\u00a0de aqu\u00ed\u00a0a tres meses. Tal vez est\u00e9\u00a0en el paro, mi coche haya pasado a mejor vida, la oficina de mi caja de ahorros se haya trasladado a otro barrio o el impuesto de contribuci\u00f3n haya vuelto imposible seguir viviendo en el mismo sitio. Es tan indefinida la situaci\u00f3n laboral, fiscal o pol\u00edtica que cuesta hacer planes de futuro. <\/span><\/p>\n<p style=\"text-align: justify\"><span style=\"font-family: Cambria;font-size: small\">Por eso me resulta tan dif\u00edcil anotar la fecha de una huelga general con tanta anticipaci\u00f3n. \u00bfY si para entonces se han convocado elecciones anticipadas? \u00bfY si el euro se ha volatilizado? \u00bfY si yo misma me he hartado de algunos pandilleros que me fastidian y me he largado a vivir en una casa rural cuidando ovejas y cultivando tomates?<\/span><\/p>\n<p style=\"text-align: justify\"><span style=\"font-family: Cambria;font-size: small\">Si poco impacto iba a tener una huelga en las circunstancias actuales, la sensaci\u00f3n de huelga en diferido a\u00fan la hace m\u00e1s extra\u00f1a. Parece que los trabajadores digamos \u201cya protestaremos m\u00e1s adelante\u201d, como si ahora no nos viviera bien ya sea por el f\u00fatbol, por el verano o por el miedo a protestar justo antes de un periodo de posible contrataci\u00f3n como el estival. <\/span><\/p>\n<p style=\"text-align: justify\"><span style=\"font-family: Cambria;font-size: small\">No termino de entender c\u00f3mo podemos aplicar esa tranquilidad de dejarlo para la vuelta del verano excepto en la medida en que, para entonces, todos estaremos m\u00e1s enfadados, con el agua escolar al cuello, con la cuesta del oto\u00f1o y la depresi\u00f3n postvacacional. El problema es que para entonces el gobierno no puede cambiar de pol\u00edtica. Eso s\u00ed: puede cambiar de banco en el Parlamento. <\/span><\/p>\n<!-- AddThis Advanced Settings generic via filter on the_content --><!-- AddThis Share Buttons generic via filter on the_content -->","protected":false},"excerpt":{"rendered":"<p>Con esto de la crisis, de la inseguridad laboral, de las dudas sobre si los precios de hoy ser\u00e1n los de ma\u00f1ana y sobre los augurios de peores circunstancias econ\u00f3micas tras el verano, todav\u00eda no me hago el \u00e1nimo de anotar el 29 de septiembre en la agenda. A fecha de hoy desconozco qu\u00e9\u00a0ser\u00e1\u00a0de mi [&hellip;]<!-- AddThis Advanced Settings generic via filter on get_the_excerpt --><!-- AddThis Share Buttons generic via filter on get_the_excerpt --><\/p>\n","protected":false},"author":6,"featured_media":0,"comment_status":"open","ping_status":"closed","sticky":false,"template":"","format":"standard","meta":[],"categories":[4],"tags":[65,159,171],"_links":{"self":[{"href":"https:\/\/blogs.lasprovincias.es\/mariajosepou\/wp-json\/wp\/v2\/posts\/251"}],"collection":[{"href":"https:\/\/blogs.lasprovincias.es\/mariajosepou\/wp-json\/wp\/v2\/posts"}],"about":[{"href":"https:\/\/blogs.lasprovincias.es\/mariajosepou\/wp-json\/wp\/v2\/types\/post"}],"author":[{"embeddable":true,"href":"https:\/\/blogs.lasprovincias.es\/mariajosepou\/wp-json\/wp\/v2\/users\/6"}],"replies":[{"embeddable":true,"href":"https:\/\/blogs.lasprovincias.es\/mariajosepou\/wp-json\/wp\/v2\/comments?post=251"}],"version-history":[{"count":0,"href":"https:\/\/blogs.lasprovincias.es\/mariajosepou\/wp-json\/wp\/v2\/posts\/251\/revisions"}],"wp:attachment":[{"href":"https:\/\/blogs.lasprovincias.es\/mariajosepou\/wp-json\/wp\/v2\/media?parent=251"}],"wp:term":[{"taxonomy":"category","embeddable":true,"href":"https:\/\/blogs.lasprovincias.es\/mariajosepou\/wp-json\/wp\/v2\/categories?post=251"},{"taxonomy":"post_tag","embeddable":true,"href":"https:\/\/blogs.lasprovincias.es\/mariajosepou\/wp-json\/wp\/v2\/tags?post=251"}],"curies":[{"name":"wp","href":"https:\/\/api.w.org\/{rel}","templated":true}]}}