{"id":260,"date":"2010-06-17T17:24:56","date_gmt":"2010-06-17T17:24:56","guid":{"rendered":"http:\/\/firmas.lasprovincias.es\/mariajosepou\/?p=260"},"modified":"2010-06-17T17:24:56","modified_gmt":"2010-06-17T17:24:56","slug":"el-prestigio-de-espana","status":"publish","type":"post","link":"https:\/\/blogs.lasprovincias.es\/mariajosepou\/2010\/06\/17\/el-prestigio-de-espana\/","title":{"rendered":"El prestigio de Espa\u00f1a"},"content":{"rendered":"<p style=\"text-align: justify\"><a href=\"\/mariajosepou\/wp-content\/uploads\/sites\/4\/2010\/06\/1276713618_1.jpg\"><img loading=\"lazy\" class=\"alignleft size-medium wp-image-263\" src=\"\/mariajosepou\/wp-content\/uploads\/sites\/4\/2010\/06\/1276713618_1.jpg\" alt=\"\" width=\"300\" height=\"272\" srcset=\"https:\/\/static-blogs.lasprovincias.es\/wp-content\/uploads\/sites\/4\/2010\/06\/1276713618_1.jpg 470w, https:\/\/static-blogs.lasprovincias.es\/wp-content\/uploads\/sites\/4\/2010\/06\/1276713618_1-300x273.jpg 300w\" sizes=\"(max-width: 300px) 100vw, 300px\" \/><\/a>Nunca me han gustado las afirmaciones grandilocuentes sobre los rasgos de la patria como si el territorio nos hiciera &#8220;quijotes&#8221; a todos y &#8220;c\u00e1rmenes&#8221; a todas.<\/p>\n<p style=\"text-align: justify\">Hay quienes, a lo largo de los siglos, han intentado ofrecer un perfil propio del espa\u00f1ol como del franc\u00e9s o del brit\u00e1nico. Y aunque es cierto que determinados comportamientos pueden ser comunes en un entorno por pura aceptaci\u00f3n social, me resisto a aceptar que eso venga en los genes o en la sangre. Sin embargo, no puedo negar que hay actitudes colectivas que me obligan a repensar la caracterizaci\u00f3n del ser espa\u00f1ol.<\/p>\n<p style=\"text-align: justify\">Como me cuesta afirmar que existe un modo hisp\u00e1nico de enfrentarse a las cosas en este mundo global, busco explicaciones a determinados fen\u00f3menos. Por ejemplo, al pesimismo colectivo. \u00c9ste no es nuevo y tiene su ejemplo m\u00e1s paradigm\u00e1tico en la crisis del 98. Cuando Espa\u00f1a perdi\u00f3 las \u00faltimas colonias se enfrent\u00f3 a una depresi\u00f3n nacional que, afortunadamente, sirvi\u00f3 para que quedara una magn\u00edfica herencia de grandes escritores y pensadores, la llamada &#8220;generaci\u00f3n del 98&#8221;. Es lo que tiene el fracaso y el drama, que hacen brotar genios ocultos que tal vez en tiempos de bonanza hubieran quedado enterrados bajo toneladas de autosatisfacci\u00f3n.<\/p>\n<p style=\"text-align: justify\">Todo esto meditaba ayer entre la autoflagelaci\u00f3n de Zapatero en el Congreso, aceptando que el prestigio de Espa\u00f1a se debe un esfuerzo colectivo y no tanto a su gobierno, y el partido de &#8220;la gran favorita&#8221; ante Suiza.<\/p>\n<p style=\"text-align: justify\">Yo creo que ese fen\u00f3meno de optimismo y pesimismo colectivos se produce hoy por contagio a trav\u00e9s de los medios de comunicaci\u00f3n, al menos, eso puede deducirse del d\u00eda bipolar que Espa\u00f1a sufri\u00f3 ayer. Pens\u00e1bamos que &#8220;la Roja&#8221; iba a comerse todo el chocolate suizo dejando un agujero en el mapa de Europa y nos encontramos con la dura realidad: el Mundial est\u00e1 por ganar.<\/p>\n<p style=\"text-align: justify\">Lo curioso, en ese momento, no son los hechos sino las respuestas. Espa\u00f1a es tremendista. Me cuesta escribirlo pero lo veo. Pasa de la euforia a la depresi\u00f3n en un suspiro. Sin motivo para la exultaci\u00f3n ilusa o para el des\u00e1nimo funesto. A veces pienso que, en efecto, los espa\u00f1oles somos algo tragic\u00f3micos.<\/p>\n<!-- AddThis Advanced Settings generic via filter on the_content --><!-- AddThis Share Buttons generic via filter on the_content -->","protected":false},"excerpt":{"rendered":"<p>Nunca me han gustado las afirmaciones grandilocuentes sobre los rasgos de la patria como si el territorio nos hiciera &#8220;quijotes&#8221; a todos y &#8220;c\u00e1rmenes&#8221; a todas. Hay quienes, a lo largo de los siglos, han intentado ofrecer un perfil propio del espa\u00f1ol como del franc\u00e9s o del brit\u00e1nico. Y aunque es cierto que determinados comportamientos [&hellip;]<!-- AddThis Advanced Settings generic via filter on get_the_excerpt --><!-- AddThis Share Buttons generic via filter on get_the_excerpt --><\/p>\n","protected":false},"author":6,"featured_media":0,"comment_status":"open","ping_status":"closed","sticky":false,"template":"","format":"standard","meta":[],"categories":[4],"tags":[65,83,187],"_links":{"self":[{"href":"https:\/\/blogs.lasprovincias.es\/mariajosepou\/wp-json\/wp\/v2\/posts\/260"}],"collection":[{"href":"https:\/\/blogs.lasprovincias.es\/mariajosepou\/wp-json\/wp\/v2\/posts"}],"about":[{"href":"https:\/\/blogs.lasprovincias.es\/mariajosepou\/wp-json\/wp\/v2\/types\/post"}],"author":[{"embeddable":true,"href":"https:\/\/blogs.lasprovincias.es\/mariajosepou\/wp-json\/wp\/v2\/users\/6"}],"replies":[{"embeddable":true,"href":"https:\/\/blogs.lasprovincias.es\/mariajosepou\/wp-json\/wp\/v2\/comments?post=260"}],"version-history":[{"count":0,"href":"https:\/\/blogs.lasprovincias.es\/mariajosepou\/wp-json\/wp\/v2\/posts\/260\/revisions"}],"wp:attachment":[{"href":"https:\/\/blogs.lasprovincias.es\/mariajosepou\/wp-json\/wp\/v2\/media?parent=260"}],"wp:term":[{"taxonomy":"category","embeddable":true,"href":"https:\/\/blogs.lasprovincias.es\/mariajosepou\/wp-json\/wp\/v2\/categories?post=260"},{"taxonomy":"post_tag","embeddable":true,"href":"https:\/\/blogs.lasprovincias.es\/mariajosepou\/wp-json\/wp\/v2\/tags?post=260"}],"curies":[{"name":"wp","href":"https:\/\/api.w.org\/{rel}","templated":true}]}}