{"id":265,"date":"2010-06-18T07:13:29","date_gmt":"2010-06-18T07:13:29","guid":{"rendered":"http:\/\/firmas.lasprovincias.es\/mariajosepou\/?p=265"},"modified":"2010-06-18T07:13:29","modified_gmt":"2010-06-18T07:13:29","slug":"guerra-en-el-parque","status":"publish","type":"post","link":"https:\/\/blogs.lasprovincias.es\/mariajosepou\/2010\/06\/18\/guerra-en-el-parque\/","title":{"rendered":"Guerra en el parqu\u00e9"},"content":{"rendered":"<p style=\"text-align: justify\"><a href=\"\/mariajosepou\/wp-content\/uploads\/sites\/4\/2010\/06\/1276825361_0.jpg\"><img loading=\"lazy\" class=\"alignleft size-medium wp-image-266\" src=\"\/mariajosepou\/wp-content\/uploads\/sites\/4\/2010\/06\/1276825361_0.jpg\" alt=\"\" width=\"300\" height=\"199\" srcset=\"https:\/\/static-blogs.lasprovincias.es\/wp-content\/uploads\/sites\/4\/2010\/06\/1276825361_0.jpg 470w, https:\/\/static-blogs.lasprovincias.es\/wp-content\/uploads\/sites\/4\/2010\/06\/1276825361_0-300x200.jpg 300w\" sizes=\"(max-width: 300px) 100vw, 300px\" \/><\/a>La crisis que estamos viviendo deber\u00eda hacernos tomar conciencia de cu\u00e1les ser\u00e1n algunos nuevos conflictos del futuro. La guerra entre potencias no se libra hoy solo en el territorio de Kirguist\u00e1n sino en los principales parqu\u00e9s del mundo.<\/p>\n<p style=\"text-align: justify\">Ayer tuvo que salir el Fondo Monetario Internacional a decir que Espa\u00f1a, contra lo que est\u00e1n diciendo algunas voces interesadas, no ha pedido planes de rescate. El mismo Zapatero asegur\u00f3 en Bruselas que no son ciertos los rumores que hunden el prestigio de la econom\u00eda espa\u00f1ola aunque est\u00e9 pasando muchas estrecheces. Sin embargo no dejamos de ver c\u00f3mo ahora se alzan voces indeterminadas contra Espa\u00f1a, poniendo en cuesti\u00f3n su solvencia, y desde hace meses, contra el propio euro.<\/p>\n<p style=\"text-align: justify\">Esas embestidas son estrategias tan calculadas como las que Napole\u00f3n o Hitler dibujaban sobre el mapa de Europa. Y, como entonces, tambi\u00e9n hay v\u00edctimas civiles que sufren los desastres de la guerra. En este caso, somos los pobres ciudadanos quienes tenemos que hacer frente a una econom\u00eda de postguerra sin habernos enterado a\u00fan de d\u00f3nde estaban los frentes de batalla o cu\u00e1les eran los bombarderos que nos masacraban.<\/p>\n<p style=\"text-align: justify\">Son ej\u00e9rcitos m\u00e1s sutiles y ocultos que nunca. Operan en los mercados financieros sin rostro ni nombre pero con un arma infalible en la mano: la que es capaz de hundir a un pa\u00eds a base de rumores, especulaciones o informaciones fraudulentas.<\/p>\n<p style=\"text-align: justify\">Nos parecen menos cruentas porque no vemos sangre ni hay funerales por los ca\u00eddos pero todos \u00e9sos que aguardan a las puertas de las C\u00e1ritas parroquiales o de la Casa de la Caridad son heridos de guerra. Y, como hemos visto en todo conflicto b\u00e9lico, son v\u00edctimas inocentes de la codicia de unos o del af\u00e1n de poder de otros.<\/p>\n<p style=\"text-align: justify\">En cualquier caso, las secuelas de esta guerra las vamos a padecer durante d\u00e9cadas con la confianza, si Dios quiere, de evitarles sus estragos a las generaciones venideras. \u00c9se es, al menos, el prop\u00f3sito de quien ha vivido una guerra y la nuestra es tan injusta y dolorosa como las anteriores pues un parado es, en el fondo, un amputado que no entiende cu\u00e1l es su culpa en este conflicto.<\/p>\n<!-- AddThis Advanced Settings generic via filter on the_content --><!-- AddThis Share Buttons generic via filter on the_content -->","protected":false},"excerpt":{"rendered":"<p>La crisis que estamos viviendo deber\u00eda hacernos tomar conciencia de cu\u00e1les ser\u00e1n algunos nuevos conflictos del futuro. La guerra entre potencias no se libra hoy solo en el territorio de Kirguist\u00e1n sino en los principales parqu\u00e9s del mundo. Ayer tuvo que salir el Fondo Monetario Internacional a decir que Espa\u00f1a, contra lo que est\u00e1n diciendo [&hellip;]<!-- AddThis Advanced Settings generic via filter on get_the_excerpt --><!-- AddThis Share Buttons generic via filter on get_the_excerpt --><\/p>\n","protected":false},"author":6,"featured_media":0,"comment_status":"open","ping_status":"closed","sticky":false,"template":"","format":"standard","meta":[],"categories":[4],"tags":[65,187],"_links":{"self":[{"href":"https:\/\/blogs.lasprovincias.es\/mariajosepou\/wp-json\/wp\/v2\/posts\/265"}],"collection":[{"href":"https:\/\/blogs.lasprovincias.es\/mariajosepou\/wp-json\/wp\/v2\/posts"}],"about":[{"href":"https:\/\/blogs.lasprovincias.es\/mariajosepou\/wp-json\/wp\/v2\/types\/post"}],"author":[{"embeddable":true,"href":"https:\/\/blogs.lasprovincias.es\/mariajosepou\/wp-json\/wp\/v2\/users\/6"}],"replies":[{"embeddable":true,"href":"https:\/\/blogs.lasprovincias.es\/mariajosepou\/wp-json\/wp\/v2\/comments?post=265"}],"version-history":[{"count":0,"href":"https:\/\/blogs.lasprovincias.es\/mariajosepou\/wp-json\/wp\/v2\/posts\/265\/revisions"}],"wp:attachment":[{"href":"https:\/\/blogs.lasprovincias.es\/mariajosepou\/wp-json\/wp\/v2\/media?parent=265"}],"wp:term":[{"taxonomy":"category","embeddable":true,"href":"https:\/\/blogs.lasprovincias.es\/mariajosepou\/wp-json\/wp\/v2\/categories?post=265"},{"taxonomy":"post_tag","embeddable":true,"href":"https:\/\/blogs.lasprovincias.es\/mariajosepou\/wp-json\/wp\/v2\/tags?post=265"}],"curies":[{"name":"wp","href":"https:\/\/api.w.org\/{rel}","templated":true}]}}