{"id":269,"date":"2010-06-19T16:36:43","date_gmt":"2010-06-19T16:36:43","guid":{"rendered":"http:\/\/firmas.lasprovincias.es\/mariajosepou\/?p=269"},"modified":"2010-06-19T16:36:43","modified_gmt":"2010-06-19T16:36:43","slug":"algo-queda","status":"publish","type":"post","link":"https:\/\/blogs.lasprovincias.es\/mariajosepou\/2010\/06\/19\/algo-queda\/","title":{"rendered":"Algo queda"},"content":{"rendered":"<p style=\"text-align: justify\"><a href=\"\/mariajosepou\/wp-content\/uploads\/sites\/4\/2010\/06\/fichero_22078_20100618.jpg\"><img loading=\"lazy\" class=\"alignleft size-medium wp-image-270\" src=\"\/mariajosepou\/wp-content\/uploads\/sites\/4\/2010\/06\/fichero_22078_20100618.jpg\" alt=\"\" width=\"212\" height=\"300\" srcset=\"https:\/\/static-blogs.lasprovincias.es\/wp-content\/uploads\/sites\/4\/2010\/06\/fichero_22078_20100618.jpg 509w, https:\/\/static-blogs.lasprovincias.es\/wp-content\/uploads\/sites\/4\/2010\/06\/fichero_22078_20100618-212x300.jpg 212w\" sizes=\"(max-width: 212px) 100vw, 212px\" \/><\/a>No aprendemos a vivir hasta que nos enfrentamos a la vejez. A la propia o la de un ser querido. Por eso a muchos ni\u00f1os de hoy se les priva de una parte esencial en su aprendizaje cuando se les lleva a ver a los abuelos apenas una vez al mes.<\/p>\n<p style=\"text-align: justify\">La relaci\u00f3n con los abuelos es el modo m\u00e1s natural de aprender que la vida no es solo plenitud de facultades y energ\u00eda sino decrepitud, p\u00e9rdida de capacidades y lentitud. Con el abuelo, el ni\u00f1o aprende que no todos hacen las cosas con la misma rapidez y, con la abuela, que perder vista u o\u00eddo no nos hace m\u00e1s tontos, solo m\u00e1s ciegos o m\u00e1s sordos.<\/p>\n<p style=\"text-align: justify\">Lo malo de la vejez es el impacto emocional que produce en quienes han conocido la plenitud de la persona que hoy es torpe, desmemoriada o dependiente. Si la ligaz\u00f3n, adem\u00e1s, es de primer grado, esto es, si se trata de hijos, el derrumbe interior puede ser enorme.<\/p>\n<p style=\"text-align: justify\">Esa realidad se multiplica exponencialmente entre quienes cuidan enfermos de Alzheimer. Al desgaste f\u00edsico se une el psicol\u00f3gico de ver a un padre o una madre y no reconocerlos. \u00c9se el n\u00facleo de la historia que narra &#8216;Algo queda&#8217;, cortometraje estrenado ayer en Valencia, ganador del premio SNCfilm que se concede a historias sobre enfermedades mentales.<\/p>\n<p style=\"text-align: justify\">El corto, de factura valenciana, presenta ese drama interior de una hija enfrentada a la desaparici\u00f3n de su madre. Una desaparici\u00f3n identitaria antes que f\u00edsica. &#8220;Sab\u00eda que esto iba a llegar, que no me reconociera, pero no me imaginaba que me iba a suceder a m\u00ed. Que yo no reconociera a esa mujer&#8221;, dice la hija desecha en l\u00e1grimas.<\/p>\n<p style=\"text-align: justify\">Es un sentimiento tan com\u00fan entre quienes cuidan enfermos, ancianos o dependientes que necesita el cine para verbalizarlo y para que una sociedad acostumbrada a hacer zapping cuando la realidad es dura y molesta, tome conciencia.<\/p>\n<p style=\"text-align: justify\">Es una de las grandes funciones del cine, a menudo relegada frente al papel pol\u00edtico del S\u00e9ptimo Arte. Este corto recuerda lo que hoy viven en Espa\u00f1a entre 600.000 y 800.000 familias. Un potencial de entrega y sacrificio dif\u00edcilmente cuantificable.<\/p>\n<!-- AddThis Advanced Settings generic via filter on the_content --><!-- AddThis Share Buttons generic via filter on the_content -->","protected":false},"excerpt":{"rendered":"<p>No aprendemos a vivir hasta que nos enfrentamos a la vejez. A la propia o la de un ser querido. Por eso a muchos ni\u00f1os de hoy se les priva de una parte esencial en su aprendizaje cuando se les lleva a ver a los abuelos apenas una vez al mes. La relaci\u00f3n con los [&hellip;]<!-- AddThis Advanced Settings generic via filter on get_the_excerpt --><!-- AddThis Share Buttons generic via filter on get_the_excerpt --><\/p>\n","protected":false},"author":6,"featured_media":0,"comment_status":"open","ping_status":"closed","sticky":false,"template":"","format":"standard","meta":[],"categories":[4],"tags":[21],"_links":{"self":[{"href":"https:\/\/blogs.lasprovincias.es\/mariajosepou\/wp-json\/wp\/v2\/posts\/269"}],"collection":[{"href":"https:\/\/blogs.lasprovincias.es\/mariajosepou\/wp-json\/wp\/v2\/posts"}],"about":[{"href":"https:\/\/blogs.lasprovincias.es\/mariajosepou\/wp-json\/wp\/v2\/types\/post"}],"author":[{"embeddable":true,"href":"https:\/\/blogs.lasprovincias.es\/mariajosepou\/wp-json\/wp\/v2\/users\/6"}],"replies":[{"embeddable":true,"href":"https:\/\/blogs.lasprovincias.es\/mariajosepou\/wp-json\/wp\/v2\/comments?post=269"}],"version-history":[{"count":0,"href":"https:\/\/blogs.lasprovincias.es\/mariajosepou\/wp-json\/wp\/v2\/posts\/269\/revisions"}],"wp:attachment":[{"href":"https:\/\/blogs.lasprovincias.es\/mariajosepou\/wp-json\/wp\/v2\/media?parent=269"}],"wp:term":[{"taxonomy":"category","embeddable":true,"href":"https:\/\/blogs.lasprovincias.es\/mariajosepou\/wp-json\/wp\/v2\/categories?post=269"},{"taxonomy":"post_tag","embeddable":true,"href":"https:\/\/blogs.lasprovincias.es\/mariajosepou\/wp-json\/wp\/v2\/tags?post=269"}],"curies":[{"name":"wp","href":"https:\/\/api.w.org\/{rel}","templated":true}]}}