{"id":275,"date":"2010-06-21T13:37:19","date_gmt":"2010-06-21T13:37:19","guid":{"rendered":"http:\/\/firmas.lasprovincias.es\/mariajosepou\/?p=275"},"modified":"2010-06-21T13:37:19","modified_gmt":"2010-06-21T13:37:19","slug":"sindrome-prevacacional","status":"publish","type":"post","link":"https:\/\/blogs.lasprovincias.es\/mariajosepou\/2010\/06\/21\/sindrome-prevacacional\/","title":{"rendered":"S\u00edndrome prevacacional"},"content":{"rendered":"<p style=\"text-align: justify\"><a href=\"\/mariajosepou\/wp-content\/uploads\/sites\/4\/2010\/06\/playa-del-carmen1.jpg\"><img loading=\"lazy\" class=\"alignleft size-medium wp-image-276\" src=\"\/mariajosepou\/wp-content\/uploads\/sites\/4\/2010\/06\/playa-del-carmen1.jpg\" alt=\"\" width=\"200\" height=\"300\" srcset=\"https:\/\/static-blogs.lasprovincias.es\/wp-content\/uploads\/sites\/4\/2010\/06\/playa-del-carmen1.jpg 300w, https:\/\/static-blogs.lasprovincias.es\/wp-content\/uploads\/sites\/4\/2010\/06\/playa-del-carmen1-200x300.jpg 200w\" sizes=\"(max-width: 200px) 100vw, 200px\" \/><\/a>Solo me faltaba uno para concluir que los s\u00edndromes son cosas de gente aburrida. No me refiero a las enfermedades de verdad sino a tontunas que aparecen en la prensa bajo la denominaci\u00f3n de &#8216;s\u00edndrome postvacacional&#8217; o &#8216;s\u00edndrome del domingo por la tarde&#8217;.<\/p>\n<p style=\"text-align: justify\">El \u00faltimo invento no s\u00e9 si es de alg\u00fan estudiante de medicina con ganas de notoriedad, de un becario periodista en pr\u00e1cticas no remuneradas o de un portal de Internet dedicado a las ofertas vacacionales de \u00faltima hora. Se llama &#8216;s\u00edndrome prevacacional&#8217; y pretenden hacernos creer que es el malestar por tener que organizar las vacaciones de toda la familia.<\/p>\n<p style=\"text-align: justify\">Yo entiendo que hist\u00e9ricos los hay en todas partes y condiciones. As\u00ed, el que es un pesado narcisista y egoc\u00e9ntrico lo es antes, durante y despu\u00e9s de las vacaciones. Lo que no concibo es el empe\u00f1o por ponerle a eso una etiqueta de gravedad sanitaria llam\u00e1ndole &#8216;s\u00edndrome&#8217;.<\/p>\n<p style=\"text-align: justify\">No niego que haya gente nerviosa solo por tener que hacer la maleta para Canc\u00fan o por tener que deshacerla tras su largo mes de vacaciones pero eso, con casi cinco millones de parados, no es noticia. Es simple y llanamente una estupidez elevada a la categor\u00eda de titular cuando no pasa de tontada dom\u00e9stica.<\/p>\n<p style=\"text-align: justify\">En estos tiempos hay cosas que resultan insultantes. Tambi\u00e9n entre los temas period\u00edsticos. Para m\u00ed hay varios inaceptables que deber\u00edan ser tratados con la misma prudencia con la que se abordan asuntos que tienen consecuencias sociales como el suicidio o el maltrato a la mujer. Ya s\u00e9 que no es comparable hablar del s\u00edndrome postvacacional y la \u00faltima muerte por violencia de g\u00e9nero pero ambos temas, en su justa medida, pueden producir mayor da\u00f1o. El primero, de tipo psicol\u00f3gico, y el segundo por el efecto contagio.<\/p>\n<p style=\"text-align: justify\">Hablar de malestar por tener vacaciones cuando el pa\u00eds entero sufre si no el paro s\u00ed el miedo a perder el trabajo o los ajustes de salarios por decreto, es improcedente. De todo punto. Quienes tenemos un trabajo y un mes de vacaciones lo menos que podemos hacer es dedicar el tiempo a ayudar a quien no lo tiene. Y no a tocarle las narices.<\/p>\n<!-- AddThis Advanced Settings generic via filter on the_content --><!-- AddThis Share Buttons generic via filter on the_content -->","protected":false},"excerpt":{"rendered":"<p>Solo me faltaba uno para concluir que los s\u00edndromes son cosas de gente aburrida. No me refiero a las enfermedades de verdad sino a tontunas que aparecen en la prensa bajo la denominaci\u00f3n de &#8216;s\u00edndrome postvacacional&#8217; o &#8216;s\u00edndrome del domingo por la tarde&#8217;. El \u00faltimo invento no s\u00e9 si es de alg\u00fan estudiante de medicina [&hellip;]<!-- AddThis Advanced Settings generic via filter on get_the_excerpt --><!-- AddThis Share Buttons generic via filter on get_the_excerpt --><\/p>\n","protected":false},"author":6,"featured_media":0,"comment_status":"open","ping_status":"closed","sticky":false,"template":"","format":"standard","meta":[],"categories":[4],"tags":[129,171],"_links":{"self":[{"href":"https:\/\/blogs.lasprovincias.es\/mariajosepou\/wp-json\/wp\/v2\/posts\/275"}],"collection":[{"href":"https:\/\/blogs.lasprovincias.es\/mariajosepou\/wp-json\/wp\/v2\/posts"}],"about":[{"href":"https:\/\/blogs.lasprovincias.es\/mariajosepou\/wp-json\/wp\/v2\/types\/post"}],"author":[{"embeddable":true,"href":"https:\/\/blogs.lasprovincias.es\/mariajosepou\/wp-json\/wp\/v2\/users\/6"}],"replies":[{"embeddable":true,"href":"https:\/\/blogs.lasprovincias.es\/mariajosepou\/wp-json\/wp\/v2\/comments?post=275"}],"version-history":[{"count":0,"href":"https:\/\/blogs.lasprovincias.es\/mariajosepou\/wp-json\/wp\/v2\/posts\/275\/revisions"}],"wp:attachment":[{"href":"https:\/\/blogs.lasprovincias.es\/mariajosepou\/wp-json\/wp\/v2\/media?parent=275"}],"wp:term":[{"taxonomy":"category","embeddable":true,"href":"https:\/\/blogs.lasprovincias.es\/mariajosepou\/wp-json\/wp\/v2\/categories?post=275"},{"taxonomy":"post_tag","embeddable":true,"href":"https:\/\/blogs.lasprovincias.es\/mariajosepou\/wp-json\/wp\/v2\/tags?post=275"}],"curies":[{"name":"wp","href":"https:\/\/api.w.org\/{rel}","templated":true}]}}