{"id":278,"date":"2010-06-22T07:43:47","date_gmt":"2010-06-22T07:43:47","guid":{"rendered":"http:\/\/firmas.lasprovincias.es\/mariajosepou\/?p=278"},"modified":"2010-06-22T07:43:47","modified_gmt":"2010-06-22T07:43:47","slug":"piensa-en-rojo","status":"publish","type":"post","link":"https:\/\/blogs.lasprovincias.es\/mariajosepou\/2010\/06\/22\/piensa-en-rojo\/","title":{"rendered":"Piensa en rojo"},"content":{"rendered":"<p style=\"text-align: justify\"><a href=\"\/mariajosepou\/wp-content\/uploads\/sites\/4\/2010\/06\/golazo-de-david-villa.jpg\"><img loading=\"lazy\" class=\"alignleft size-medium wp-image-279\" src=\"\/mariajosepou\/wp-content\/uploads\/sites\/4\/2010\/06\/golazo-de-david-villa.jpg\" alt=\"\" width=\"300\" height=\"203\" srcset=\"https:\/\/static-blogs.lasprovincias.es\/wp-content\/uploads\/sites\/4\/2010\/06\/golazo-de-david-villa.jpg 480w, https:\/\/static-blogs.lasprovincias.es\/wp-content\/uploads\/sites\/4\/2010\/06\/golazo-de-david-villa-300x204.jpg 300w\" sizes=\"(max-width: 300px) 100vw, 300px\" \/><\/a>A estas alturas, no s\u00e9 si lo que nos preocupa, pol\u00edticamente hablando, es lo que nos interesa o lo que les interesa a algunos para seguir mandando. En las \u00faltimas semanas han sido, al menos, tres los asuntos que parecen esenciales cuando, en el fondo, son cuestiones cuyo debate responde a intereses electorales de unos y otros.<\/p>\n<p style=\"text-align: justify\">Me refiero al uso del burka, a la rehabilitaci\u00f3n de Batasuna y al Estatuto catal\u00e1n.<\/p>\n<p style=\"text-align: justify\">La prohibici\u00f3n del burka no es nueva aunque en Espa\u00f1a no se hab\u00eda producido todav\u00eda la discusi\u00f3n p\u00fablica salvo ante casos concretos. \u00c9stos, sin embargo, no hab\u00edan sido motivados por el uso del burka excepto en el caso de una testigo en la Audiencia Nacional a la que G\u00f3mez Berm\u00fadez exigi\u00f3 descubrirse. Los otros ejemplos han sido pol\u00e9micos por utilizar el hijab, no el burka, en el entorno escolar.<\/p>\n<p style=\"text-align: justify\">Por eso y por las pocas mujeres que usan esta prenda, parece algo forzada su regulaci\u00f3n ex profeso. No digo que no sea necesario abordar el asunto ante una realidad creciente pero, en primer lugar, debe producirse con relaci\u00f3n a una demanda social, que todav\u00eda no existe y, en segundo lugar, debe ser v\u00e1lida para todo el territorio nacional, incluidas Ceuta y Melilla.<\/p>\n<p style=\"text-align: justify\">Es verdad que quien lo ha empezado a prohibir ha sido la autoridad municipal pero un asunto de este tipo no puede ser solo decisi\u00f3n local pues se corre el riesgo de constituir ghettos.<\/p>\n<p style=\"text-align: justify\">Ante una decisi\u00f3n poco motivada, la sospecha de un r\u00e9dito electoral por parte de los grupos que lo han regulado en v\u00edsperas de elecciones municipales y auton\u00f3micas es inevitable.<\/p>\n<p style=\"text-align: justify\">Por otra parte, la novedosa reintroducci\u00f3n de Batasuna entre las opciones pol\u00edticas que algunos manejan y la aceleraci\u00f3n en la tramitaci\u00f3n del Estatuto hacen pensar en la imperiosa necesidad de apoyos que Zapatero tiene para los presupuestos. Es cierto que el Estatuto no ha sido precisamente veloz en su tramitaci\u00f3n pero llama la atenci\u00f3n el sprint que parecen querer dar los miembros del Tribunal.<\/p>\n<p style=\"text-align: justify\">En definitiva, los partidos hacen que nos preocupemos de aquello que no nos preocupa. As\u00ed pues, ignor\u00e9moslo y preocup\u00e9monos de lo importante: pensemos en rojo.<\/p>\n<!-- AddThis Advanced Settings generic via filter on the_content --><!-- AddThis Share Buttons generic via filter on the_content -->","protected":false},"excerpt":{"rendered":"<p>A estas alturas, no s\u00e9 si lo que nos preocupa, pol\u00edticamente hablando, es lo que nos interesa o lo que les interesa a algunos para seguir mandando. En las \u00faltimas semanas han sido, al menos, tres los asuntos que parecen esenciales cuando, en el fondo, son cuestiones cuyo debate responde a intereses electorales de unos [&hellip;]<!-- AddThis Advanced Settings generic via filter on get_the_excerpt --><!-- AddThis Share Buttons generic via filter on get_the_excerpt --><\/p>\n","protected":false},"author":6,"featured_media":0,"comment_status":"open","ping_status":"closed","sticky":false,"template":"","format":"standard","meta":[],"categories":[4],"tags":[65,83,116,148,187],"_links":{"self":[{"href":"https:\/\/blogs.lasprovincias.es\/mariajosepou\/wp-json\/wp\/v2\/posts\/278"}],"collection":[{"href":"https:\/\/blogs.lasprovincias.es\/mariajosepou\/wp-json\/wp\/v2\/posts"}],"about":[{"href":"https:\/\/blogs.lasprovincias.es\/mariajosepou\/wp-json\/wp\/v2\/types\/post"}],"author":[{"embeddable":true,"href":"https:\/\/blogs.lasprovincias.es\/mariajosepou\/wp-json\/wp\/v2\/users\/6"}],"replies":[{"embeddable":true,"href":"https:\/\/blogs.lasprovincias.es\/mariajosepou\/wp-json\/wp\/v2\/comments?post=278"}],"version-history":[{"count":0,"href":"https:\/\/blogs.lasprovincias.es\/mariajosepou\/wp-json\/wp\/v2\/posts\/278\/revisions"}],"wp:attachment":[{"href":"https:\/\/blogs.lasprovincias.es\/mariajosepou\/wp-json\/wp\/v2\/media?parent=278"}],"wp:term":[{"taxonomy":"category","embeddable":true,"href":"https:\/\/blogs.lasprovincias.es\/mariajosepou\/wp-json\/wp\/v2\/categories?post=278"},{"taxonomy":"post_tag","embeddable":true,"href":"https:\/\/blogs.lasprovincias.es\/mariajosepou\/wp-json\/wp\/v2\/tags?post=278"}],"curies":[{"name":"wp","href":"https:\/\/api.w.org\/{rel}","templated":true}]}}