{"id":28,"date":"2010-04-21T08:58:08","date_gmt":"2010-04-21T08:58:08","guid":{"rendered":"http:\/\/firmas.lasprovincias.es\/mariajosepou\/vanity-de-vanidades\/"},"modified":"2010-04-21T08:58:08","modified_gmt":"2010-04-21T08:58:08","slug":"vanity-de-vanidades","status":"publish","type":"post","link":"https:\/\/blogs.lasprovincias.es\/mariajosepou\/2010\/04\/21\/vanity-de-vanidades\/","title":{"rendered":"Vanity de vanidades"},"content":{"rendered":"<p style=\"text-align: justify\">Miedo me da hacerme famosa. En serio. No digo que no tenga cierta popularidad entre los vecinos del barrio que cuando me encuentran me dicen eso de \u201cme gust\u00f3 mucho tu art\u00edculo del otro d\u00eda\u201d. \u201c\u00bfAh s\u00ed?, \u00bfde qu\u00e9 iba?\u201d, pregunto yo.<\/p>\n<p style=\"text-align: justify\">Lo hago sin mala intenci\u00f3n y peor memoria pero reconozco que algunos pasan un mal rato contestando aquello de \u201cpues, eh, espera a ver si me acuerdo, era muy bueno pero ahora mismo no me viene\u201d. Vamos, lo que me dijo un d\u00eda Ferriol cuando le hice la misma escena: \u201cs\u00ed, s\u00ed, tan bueno que no te ha dejado huella\u201d. Pues eso.<\/p>\n<p style=\"text-align: justify\">El caso es que me da p\u00e1nico alcanzar cotas de popularidad que me puedan llevar a la portada de Vanity Fair. Mucha Vanity es la que t\u00fa tienes me dir\u00edan mis cr\u00edticos. En efecto. Nunca ir\u00e9 a la portada del Vanity. Como mucho aterrizar\u00eda en alguna de la tercera edad anunciando pegamento para la dentadura postiza.<\/p>\n<p style=\"text-align: justify\">Me preocupa la imposible circunstancia a la vista del tratamiento que algunas famosas de nuestro pa\u00eds est\u00e1n teniendo en sus p\u00e1ginas. Ocurri\u00f3 con Letizia Ortiz y, ahora, con Sonsoles Espinosa, la mujer de Zapatero.<\/p>\n<p style=\"text-align: justify\">Al parecer, en ambos casos, lo que aparece publicado como una especie de perfil, acercamiento a su persona o simulacro de entrevista no es m\u00e1s que un trabajo de investigaci\u00f3n seg\u00fan sus defensores. Llamar investigaci\u00f3n a cotillear con los allegados es realmente pretencioso pero eso es lo que sucede en muchos de los temas que hoy se nos presentan como \u201cinvestigaci\u00f3n period\u00edstica\u201d.<\/p>\n<p style=\"text-align: justify\">Sobre las dos mujeres, el proceso ha sido similar: hablar con amigos. De Letizia dicen que Leonor le pregunt\u00f3: \u201cmam\u00e1, \u00bft\u00fa en qu\u00e9 trabajas?\u201d y la madre respondi\u00f3: \u201cpor Espa\u00f1a\u201d; de Sonsoles, en cambio, nos ofrecen una primicia en forma de titular: \u201cse siente como en una sart\u00e9n hirviendo\u201d. Entre \u00e9sta y Victoria Beckham a la que Espa\u00f1a le ol\u00eda a ajo, pueden hacer unas rodajitas de pan tostado con un chorrito de aceite de oliva y restregadito de ajo. Puro deleite espa\u00f1ol.<\/p>\n<p style=\"text-align: justify\">Pero, despu\u00e9s de eso, Dios me libre de mis amigos cotillas que de mis enemigos me libro yo.<\/p>\n<!-- AddThis Advanced Settings generic via filter on the_content --><!-- AddThis Share Buttons generic via filter on the_content -->","protected":false},"excerpt":{"rendered":"<p>Miedo me da hacerme famosa. En serio. No digo que no tenga cierta popularidad entre los vecinos del barrio que cuando me encuentran me dicen eso de \u201cme gust\u00f3 mucho tu art\u00edculo del otro d\u00eda\u201d. \u201c\u00bfAh s\u00ed?, \u00bfde qu\u00e9 iba?\u201d, pregunto yo. Lo hago sin mala intenci\u00f3n y peor memoria pero reconozco que algunos pasan [&hellip;]<!-- AddThis Advanced Settings generic via filter on get_the_excerpt --><!-- AddThis Share Buttons generic via filter on get_the_excerpt --><\/p>\n","protected":false},"author":6,"featured_media":0,"comment_status":"open","ping_status":"closed","sticky":false,"template":"","format":"standard","meta":[],"categories":[4],"tags":[77,104,129],"_links":{"self":[{"href":"https:\/\/blogs.lasprovincias.es\/mariajosepou\/wp-json\/wp\/v2\/posts\/28"}],"collection":[{"href":"https:\/\/blogs.lasprovincias.es\/mariajosepou\/wp-json\/wp\/v2\/posts"}],"about":[{"href":"https:\/\/blogs.lasprovincias.es\/mariajosepou\/wp-json\/wp\/v2\/types\/post"}],"author":[{"embeddable":true,"href":"https:\/\/blogs.lasprovincias.es\/mariajosepou\/wp-json\/wp\/v2\/users\/6"}],"replies":[{"embeddable":true,"href":"https:\/\/blogs.lasprovincias.es\/mariajosepou\/wp-json\/wp\/v2\/comments?post=28"}],"version-history":[{"count":0,"href":"https:\/\/blogs.lasprovincias.es\/mariajosepou\/wp-json\/wp\/v2\/posts\/28\/revisions"}],"wp:attachment":[{"href":"https:\/\/blogs.lasprovincias.es\/mariajosepou\/wp-json\/wp\/v2\/media?parent=28"}],"wp:term":[{"taxonomy":"category","embeddable":true,"href":"https:\/\/blogs.lasprovincias.es\/mariajosepou\/wp-json\/wp\/v2\/categories?post=28"},{"taxonomy":"post_tag","embeddable":true,"href":"https:\/\/blogs.lasprovincias.es\/mariajosepou\/wp-json\/wp\/v2\/tags?post=28"}],"curies":[{"name":"wp","href":"https:\/\/api.w.org\/{rel}","templated":true}]}}