{"id":281,"date":"2010-06-23T13:56:19","date_gmt":"2010-06-23T13:56:19","guid":{"rendered":"http:\/\/firmas.lasprovincias.es\/mariajosepou\/?p=281"},"modified":"2010-06-23T13:56:19","modified_gmt":"2010-06-23T13:56:19","slug":"la-felicitacion-de-obama","status":"publish","type":"post","link":"https:\/\/blogs.lasprovincias.es\/mariajosepou\/2010\/06\/23\/la-felicitacion-de-obama\/","title":{"rendered":"La felicitaci\u00f3n de Obama"},"content":{"rendered":"<p style=\"text-align: justify\"><a href=\"\/mariajosepou\/wp-content\/uploads\/sites\/4\/2010\/06\/250_0_zapatero_fmi.jpg\"><img loading=\"lazy\" class=\"alignleft size-full wp-image-282\" src=\"\/mariajosepou\/wp-content\/uploads\/sites\/4\/2010\/06\/250_0_zapatero_fmi.jpg\" alt=\"\" width=\"250\" height=\"296\" \/><\/a>El mundo vive para reducir el d\u00e9ficit. Todo se justifica por esa terrible finalidad que va a marcar nuestras vidas y qui\u00e9n sabe si la de nuestros hijos. La de nuestros padres y abuelos estuvo dram\u00e1ticamente dominada por una guerra y una postguerra que les ense\u00f1\u00f3, desde el principio, a vivir con poco.<\/p>\n<p style=\"text-align: justify\">La nuestra se hab\u00eda iniciado en la prosperidad e incluso el lujo y la abundancia al alcance de la mano. Sin embargo, eso que conocimos ya no existir\u00e1. Ahora la carga del d\u00e9ficit nos acompa\u00f1ar\u00e1 y explicar\u00e1 cualquier recorte, cualquier supresi\u00f3n y cualquier dificultad en lo p\u00fablico.<\/p>\n<p style=\"text-align: justify\">Nosotros no hemos producido ese d\u00e9ficit pero quiz\u00e1s no hemos alzado suficientemente la voz cuando nuestros dirigentes lo han hecho con absoluta inconsciencia. A muchos, incluso, les ha pasado lo mismo: se han entrampado sin asumir las consecuencias de un pr\u00e9stamo que parec\u00eda regalado.<\/p>\n<p style=\"text-align: justify\">Pero lo m\u00e1s sorprendente es que las medidas dur\u00edsimas que est\u00e1n tomando los gobiernos parecen inevitables y, sobre todo, est\u00e1n siendo avaladas y apoyadas por los responsables de las organizaciones econ\u00f3micas internacionales y por los l\u00edderes mundiales.<\/p>\n<p style=\"text-align: justify\">Ellos han permitido todo esto y, si no fuera porque resulta excesivo, empezar\u00eda a pensar que es una maniobra orquestada para sacar del sistema mucho dinero. Dinero que debe de estar en alguna parte pero yo no termino de saber d\u00f3nde. Como si se lo hubiera tragado un agujero negro. No hay dinero, es la coletilla de moda en todas partes: en los bancos, en la Administraci\u00f3n y hasta en la colecta de los domingos.<\/p>\n<p style=\"text-align: justify\">En ese contexto y cuando Zapatero recibe los \u00e1nimos y los aplausos del director del FMI o de Obama, me pregunto si hay posibilidad de negar que esa soluci\u00f3n sea la adecuada. Me refiero a las posturas del PP o de CiU absteni\u00e9ndose para que salga sin apoyarlo o, m\u00e1s todav\u00eda, de Antonio Guti\u00e9rrez discrepando de la l\u00ednea oficial del PSOE y anunciando su voto contrario a la reforma.<\/p>\n<p style=\"text-align: justify\">Si son las medidas necesarias y Obama felicita a Zapatero \u00bfse est\u00e1n equivocando? Si eso lo que debe hacer Espa\u00f1a, lo que no explica es por qu\u00e9 no lo apoyan todos.<\/p>\n<!-- AddThis Advanced Settings generic via filter on the_content --><!-- AddThis Share Buttons generic via filter on the_content -->","protected":false},"excerpt":{"rendered":"<p>El mundo vive para reducir el d\u00e9ficit. Todo se justifica por esa terrible finalidad que va a marcar nuestras vidas y qui\u00e9n sabe si la de nuestros hijos. La de nuestros padres y abuelos estuvo dram\u00e1ticamente dominada por una guerra y una postguerra que les ense\u00f1\u00f3, desde el principio, a vivir con poco. La nuestra [&hellip;]<!-- AddThis Advanced Settings generic via filter on get_the_excerpt --><!-- AddThis Share Buttons generic via filter on get_the_excerpt --><\/p>\n","protected":false},"author":6,"featured_media":0,"comment_status":"open","ping_status":"closed","sticky":false,"template":"","format":"standard","meta":[],"categories":[4],"tags":[65,121,187],"_links":{"self":[{"href":"https:\/\/blogs.lasprovincias.es\/mariajosepou\/wp-json\/wp\/v2\/posts\/281"}],"collection":[{"href":"https:\/\/blogs.lasprovincias.es\/mariajosepou\/wp-json\/wp\/v2\/posts"}],"about":[{"href":"https:\/\/blogs.lasprovincias.es\/mariajosepou\/wp-json\/wp\/v2\/types\/post"}],"author":[{"embeddable":true,"href":"https:\/\/blogs.lasprovincias.es\/mariajosepou\/wp-json\/wp\/v2\/users\/6"}],"replies":[{"embeddable":true,"href":"https:\/\/blogs.lasprovincias.es\/mariajosepou\/wp-json\/wp\/v2\/comments?post=281"}],"version-history":[{"count":0,"href":"https:\/\/blogs.lasprovincias.es\/mariajosepou\/wp-json\/wp\/v2\/posts\/281\/revisions"}],"wp:attachment":[{"href":"https:\/\/blogs.lasprovincias.es\/mariajosepou\/wp-json\/wp\/v2\/media?parent=281"}],"wp:term":[{"taxonomy":"category","embeddable":true,"href":"https:\/\/blogs.lasprovincias.es\/mariajosepou\/wp-json\/wp\/v2\/categories?post=281"},{"taxonomy":"post_tag","embeddable":true,"href":"https:\/\/blogs.lasprovincias.es\/mariajosepou\/wp-json\/wp\/v2\/tags?post=281"}],"curies":[{"name":"wp","href":"https:\/\/api.w.org\/{rel}","templated":true}]}}